{"id":14950,"date":"2026-08-25T11:28:35","date_gmt":"2026-08-25T09:28:35","guid":{"rendered":"https:\/\/www.vbisogno.com\/blog\/maximalismo-interiores-decorar-color-personalidad\/"},"modified":"2026-08-25T11:49:50","modified_gmt":"2026-08-25T09:49:50","slug":"maximalisme-interiors-decorar-color-personalitat","status":"publish","type":"post","link":"https:\/\/www.vbisogno.com\/ca\/blog\/maximalismo-interiores-decorar-color-personalidad\/","title":{"rendered":"Maximalisme en interiors: com decorar amb color, textura i personalitat"},"content":{"rendered":"<div\nclass=\"xsd-cover skip-lazy dark-bg xsd-cover--image aligncenter wp-block-xsd-cover wp-block-xsd-cover-\">\n\t<img decoding=\"async\" width=\"1448\" height=\"1086\" src=\"https:\/\/www.vbisogno.com\/wp-content\/uploads\/2026\/08\/minimalismo-y-maximalismo.jpg\" class=\"xsd-cover__image\" alt=\"maximalismo interiores\" \/>\t<div class=\"xsd-cover__overlay\"><\/div>\n\t<div class=\"xsd-cover__content\">\n\t\t\n<div\nclass=\"xsd-container align wp-block-xsd-container\" id=\"xsd-container-1\">\n\t<div class=\"wrapper wrapper--small\">\n\t\t\n\n<h1 class=\"wp-block-heading has-text-align-center has-background-color has-text-color has-link-color wp-elements-1\"><strong><strong><strong><strong><strong><strong><strong><strong><strong><strong><strong><strong><strong><strong><strong><strong><strong><strong><strong><strong><strong><strong><strong><strong><strong><strong><strong><strong><strong><strong><strong><strong><strong><strong><strong><strong>Maximalisme en interiors: com decorar amb color, textura i personalitat<\/strong><\/strong><\/strong><\/strong><\/strong><\/strong><\/strong><\/strong><\/strong><\/strong><\/strong><\/strong><\/strong><\/strong><\/strong><\/strong><\/strong><\/strong><\/strong><\/strong><\/strong><\/strong><\/strong><\/strong><\/strong><\/strong><\/strong><\/strong><\/strong><\/strong><\/strong><\/strong><\/strong><\/strong><\/strong><\/strong><\/h1>\n\n\n\n<div\n\tclass=\"autor-fecha vbisogno-autor-fecha wp-block-vbisogno-autor-fecha\" id=\"block_2e6d6eb8c84c70ce1deede90ae2a7306\">\n\t<span class=\"blogs-autor\">AUTOR: VBISOGNO STUDIO<\/span>\n\t&nbsp;&nbsp;\n\t<span class=\"blogs-fecha\">FECHA: 25\/08\/2026<\/span>\n<\/div>\n\n\n\n<p class=\"wp-block-paragraph\">Darrere d\u2019un bon <strong>disseny maximalista<\/strong> tamb\u00e9 hi ha equilibri, composici\u00f3 i una intenci\u00f3 clara.<\/p>\n\n\n\t<\/div>\n<\/div>\n\n\n\t<\/div>\n<\/div>\n\n\n<div\nstyle=\"padding-top:var(--wp--preset--spacing--50);padding-bottom:var(--wp--preset--spacing--50)\" class=\"xsd-container align wp-block-xsd-container\" id=\"xsd-container-2\">\n\t<div class=\"wrapper wrapper--normal\">\n\t\t\n\n<p class=\"wp-block-paragraph\">Durant anys, el minimalisme ha marcat bona part de les tend\u00e8ncies en disseny d\u2019interiors. Espais neutres, pocs objectes i una est\u00e8tica basada en la senzillesa han estat protagonistes en molts habitatges. Ara b\u00e9, existeix una altra manera d\u2019entendre la decoraci\u00f3: m\u00e9s expressiva, personal i plena de matisos.<\/p>\n\n\n\n<p class=\"wp-block-paragraph\">El <strong>maximalisme en interiors<\/strong> aposta precisament per aix\u00f2. Colors intensos, estampats, obres d\u2019art, mobles amb personalitat i objectes que expliquen hist\u00f2ries conviuen per crear espais \u00fanics. Per\u00f2 decorar seguint aquesta tend\u00e8ncia no significa omplir una estan\u00e7a sense criteri: darrere d\u2019un bon <strong>disseny maximalista<\/strong> tamb\u00e9 hi ha equilibri, composici\u00f3 i una intenci\u00f3 clara.<\/p>\n\n\n\t<\/div>\n<\/div>\n\n\n<div\nstyle=\"padding-top:var(--wp--preset--spacing--60);padding-bottom:var(--wp--preset--spacing--60)\" class=\"xsd-container align wp-block-xsd-container\" id=\"xsd-container-3\">\n\t<div class=\"wrapper wrapper--normal\">\n\t\t\n\n<div class=\"wp-block-media-text has-media-on-the-right is-stacked-on-mobile is-image-fill-element\"><div class=\"wp-block-media-text__content\">\n<h2 class=\"wp-block-heading\"><strong><strong><strong><strong><strong><strong><strong><strong><strong><strong><strong><strong><strong><strong><strong><strong><strong><strong><strong><strong><strong><strong><strong><strong><strong><strong><strong><strong><strong><strong><strong><strong><strong><strong><strong><strong><strong><strong><strong>Qu\u00e8 \u00e9s el maximalisme i quin \u00e9s el seu significat en decoraci\u00f3?<\/strong><\/strong><\/strong><\/strong><\/strong><\/strong><\/strong><\/strong><\/strong><\/strong><\/strong><\/strong><\/strong><\/strong><\/strong><\/strong><\/strong><\/strong><\/strong><\/strong><\/strong><\/strong><\/strong><\/strong><\/strong><\/strong><\/strong><\/strong><\/strong><\/strong><\/strong><\/strong><\/strong><\/strong><\/strong><\/strong><\/strong><\/strong><\/strong><\/h2>\n\n\n\n<p class=\"wp-block-paragraph\">Quan parlem de <strong>maximalisme<\/strong>, el seu significat en interiorisme est\u00e0 relacionat amb l\u2019abund\u00e0ncia visual, la barreja i l\u2019expressi\u00f3 personal. Davant la idea de reduir els elements al m\u00ednim, l\u2019<strong>estil maximalista<\/strong> permet combinar diferents colors, materials, \u00e8poques i refer\u00e8ncies.<\/p>\n\n\n\n<p class=\"wp-block-paragraph\">La coneguda expressi\u00f3 \u00abm\u00e9s \u00e9s m\u00e9s\u00bb resumeix part de la seva filosofia, tot i que aix\u00f2 no significa que tot s\u2019hi valgui. Les <strong>cases maximalistes<\/strong> m\u00e9s ben dissenyades acostumen a tenir un fil conductor que connecta cada pe\u00e7a i evita que el resultat sigui ca\u00f2tic.<\/p>\n\n\n\n<p class=\"wp-block-paragraph\">Una col\u00b7lecci\u00f3 d\u2019art, una gamma crom\u00e0tica determinada, un estampat recurrent o, fins i tot, una \u00e8poca poden convertir-se en el punt de partida del projecte.<\/p>\n<\/div><figure class=\"wp-block-media-text__media\"><img decoding=\"async\" width=\"1135\" height=\"605\" src=\"https:\/\/www.vbisogno.com\/wp-content\/uploads\/2026\/08\/maximalista-estilo-1135x605.jpg\" alt=\"maximalista estilo\" class=\"wp-image-14947 size-full\" style=\"object-position:50% 50%\"\/><\/figure><\/div>\n\n\n\t<\/div>\n<\/div>\n\n\n<div\nstyle=\"padding-top:var(--wp--preset--spacing--40);padding-bottom:var(--wp--preset--spacing--40)\" class=\"xsd-container align wp-block-xsd-container\" id=\"xsd-container-4\">\n\t<div class=\"wrapper wrapper--normal\">\n\t\t\n\n<div class=\"wp-block-media-text is-stacked-on-mobile is-image-fill-element\"><figure class=\"wp-block-media-text__media\"><img decoding=\"async\" width=\"1135\" height=\"605\" src=\"https:\/\/www.vbisogno.com\/wp-content\/uploads\/2026\/08\/maximalismo-1135x605.jpg\" alt=\"maximalismo\" class=\"wp-image-14946 size-full\" style=\"object-position:50% 50%\"\/><\/figure><div class=\"wp-block-media-text__content\">\n<h2 class=\"wp-block-heading\"><strong><strong><strong><strong><strong><strong><strong><strong><strong><strong><strong><strong><strong><strong><strong><strong><strong><strong><strong><strong><strong><strong><strong><strong><strong><strong><strong><strong><strong><strong><strong><strong><strong><strong><strong><strong><strong><strong>Minimalisme i maximalisme: dues maneres diferents d\u2019entendre l\u2019espai<\/strong><\/strong><\/strong><\/strong><\/strong><\/strong><\/strong><\/strong><\/strong><\/strong><\/strong><\/strong><\/strong><\/strong><\/strong><\/strong><\/strong><\/strong><\/strong><\/strong><\/strong><\/strong><\/strong><\/strong><\/strong><\/strong><\/strong><\/strong><\/strong><\/strong><\/strong><\/strong><\/strong><\/strong><\/strong><\/strong><\/strong><\/strong><\/h2>\n\n\n\n<p class=\"wp-block-paragraph\">Tot i que acostumen a presentar-se com a tend\u00e8ncies oposades, <strong>minimalisme i maximalisme<\/strong> comparteixen una q\u00fcesti\u00f3 fonamental: tots dos necessiten una bona planificaci\u00f3.<\/p>\n<\/div><\/div>\n\n\n\t<\/div>\n<\/div>\n\n\n<div class=\"wp-block-image\">\n<figure class=\"aligncenter size-full is-resized\"><img decoding=\"async\" width=\"1220\" height=\"580\" src=\"https:\/\/www.vbisogno.com\/wp-content\/uploads\/2026\/08\/maximalisme-interiors.png\" alt=\"\" class=\"wp-image-14964\" style=\"aspect-ratio:2.094191889680963;width:683px;height:auto\" srcset=\"https:\/\/www.vbisogno.com\/wp-content\/uploads\/2026\/08\/maximalisme-interiors.png 1220w, https:\/\/www.vbisogno.com\/wp-content\/uploads\/2026\/08\/maximalisme-interiors-768x365.png 768w\" sizes=\"(max-width: 1220px) 100vw, 1220px\" \/><\/figure>\n<\/div>\n\n<div\nstyle=\"padding-top:var(--wp--preset--spacing--40);padding-bottom:var(--wp--preset--spacing--40)\" class=\"xsd-container align wp-block-xsd-container\" id=\"xsd-container-5\">\n\t<div class=\"wrapper wrapper--normal\">\n\t\t\n\n<div class=\"wp-block-media-text has-media-on-the-right is-stacked-on-mobile is-image-fill-element\"><div class=\"wp-block-media-text__content\">\n<p class=\"wp-block-paragraph\">L\u2019elecci\u00f3 entre l\u2019un i l\u2019altre no hauria de respondre \u00fanicament a una tend\u00e8ncia. L\u2019objectiu de l\u2019interiorisme \u00e9s crear espais que representin les persones que hi viuen. I \u00e9s precisament aqu\u00ed on trobem una de les grans fortaleses del <strong>maximalisme en el disseny d\u2019interiors<\/strong>: permet construir un habitatge profundament personal.<\/p>\n<\/div><figure class=\"wp-block-media-text__media\"><img decoding=\"async\" width=\"1135\" height=\"605\" src=\"https:\/\/www.vbisogno.com\/wp-content\/uploads\/2026\/08\/maximalismo-significado-1135x605.jpg\" alt=\"maximalismo significado\" class=\"wp-image-14945 size-full\" style=\"object-position:50% 50%\"\/><\/figure><\/div>\n\n\n\t<\/div>\n<\/div>\n\n\n<div\nstyle=\"padding-top:var(--wp--preset--spacing--40);padding-bottom:var(--wp--preset--spacing--40)\" class=\"xsd-container align wp-block-xsd-container\" id=\"xsd-container-6\">\n\t<div class=\"wrapper wrapper--normal\">\n\t\t\n\n<div class=\"wp-block-media-text is-stacked-on-mobile is-image-fill-element\"><figure class=\"wp-block-media-text__media\"><img decoding=\"async\" width=\"1135\" height=\"605\" src=\"https:\/\/www.vbisogno.com\/wp-content\/uploads\/2026\/08\/maximalismo-interiores-1-1135x605.jpg\" alt=\"maximalismo interiores\" class=\"wp-image-14944 size-full\" style=\"object-position:52% 36%\"\/><\/figure><div class=\"wp-block-media-text__content\">\n<h2 class=\"wp-block-heading\"><strong><strong><strong><strong><strong><strong><strong><strong><strong><strong><strong>Les claus de l\u2019estil maximalista en decoraci\u00f3<\/strong><\/strong><\/strong><\/strong><\/strong><\/strong><\/strong><\/strong><\/strong><\/strong><\/strong><\/h2>\n\n\n\n<p class=\"wp-block-paragraph\">Aconseguir una est\u00e8tica maximalista equilibrada requereix prendre decisions conscients. No es tracta simplement d\u2019afegir elements, sin\u00f3 de saber com relacionar-los.<\/p>\n\n\n\n<p class=\"wp-block-paragraph\"><strong>1. Crear una paleta de colors que connecti l\u2019espai<\/strong><\/p>\n\n\n\n<p class=\"wp-block-paragraph\">El color \u00e9s un dels elements fonamentals de la <strong>decoraci\u00f3 maximalista<\/strong>. Tons intensos com verds profunds, blaus, bordeus, mostasses o terracotes poden conviure dins d\u2019una mateixa estan\u00e7a.<\/p>\n\n\n\n<p class=\"wp-block-paragraph\">La clau \u00e9s definir una base crom\u00e0tica que actu\u00ef com a nexe. Seleccionar dos o tres colors principals i repetir-los en diferents elements ajuda a mantenir una sensaci\u00f3 d\u2019unitat, encara que hi hagi una gran varietat visual.<\/p>\n\n\n\n<p class=\"wp-block-paragraph\">Les parets tamb\u00e9 poden convertir-se en protagonistes mitjan\u00e7ant pintures intenses, papers pintats o revestiments amb textura.<\/p>\n\n\n\n<p class=\"wp-block-paragraph\"><strong>2. Combinar estampats sense perdre l\u2019equilibri<\/strong><\/p>\n\n\n\n<p class=\"wp-block-paragraph\">Flors, motius geom\u00e8trics, ratlles o dissenys inspirats en diferents cultures poden conviure dins de l\u2019<strong>estil maximalista<\/strong>.<\/p>\n\n\n\n<p class=\"wp-block-paragraph\">Perqu\u00e8 la combinaci\u00f3 funcioni, \u00e9s \u00fatil variar l\u2019escala dels estampats. Per exemple, un motiu floral de gran format es pot combinar amb dissenys geom\u00e8trics m\u00e9s petits en coixins o altres elements t\u00e8xtils.<\/p>\n\n\n\n<p class=\"wp-block-paragraph\">Tamb\u00e9 conv\u00e9 mantenir algun element com\u00fa, com ara el color, per connectar visualment les diferents peces.<\/p>\n\n\n\n<p class=\"wp-block-paragraph\"><strong>3. Introduir diferents textures i materials<\/strong><\/p>\n\n\n\n<p class=\"wp-block-paragraph\">El <strong>maximalisme en el disseny<\/strong> no dep\u00e8n \u00fanicament del color. Les textures aporten profunditat i fan que l\u2019espai resulti m\u00e9s interessant.<\/p>\n\n\n\n<p class=\"wp-block-paragraph\">Vellut, fusta, pedra natural, fibres, metalls, cer\u00e0mica, vidre o teixits estampats es poden combinar dins d\u2019una mateixa estan\u00e7a.<\/p>\n\n\n\n<p class=\"wp-block-paragraph\">Aquesta superposici\u00f3 de materials genera un interior ric en matisos que canvia segons la llum, la perspectiva i la manera com s\u2019utilitza l\u2019espai.<\/p>\n\n\n\n<div style=\"height:20px\" aria-hidden=\"true\" class=\"wp-block-spacer\"><\/div>\n<\/div><\/div>\n\n\n\t<\/div>\n<\/div>\n\n\n<div\nstyle=\"padding-top:var(--wp--preset--spacing--40);padding-bottom:var(--wp--preset--spacing--40)\" class=\"xsd-container align wp-block-xsd-container\" id=\"xsd-container-7\">\n\t<div class=\"wrapper wrapper--normal\">\n\t\t\n\n<div class=\"wp-block-media-text has-media-on-the-right is-stacked-on-mobile is-image-fill-element\"><div class=\"wp-block-media-text__content\">\n<h2 class=\"wp-block-heading\"><strong><strong><strong><strong><strong><strong><strong><strong><strong><strong><strong><strong><strong><strong><strong><strong><strong><strong><strong><strong><strong><strong><strong><strong><strong><strong><strong><strong><strong><strong><strong><strong><strong><strong><strong><strong><strong><strong><strong>L\u2019art com a protagonista del disseny maximalista<\/strong><\/strong><\/strong><\/strong><\/strong><\/strong><\/strong><\/strong><\/strong><\/strong><\/strong><\/strong><\/strong><\/strong><\/strong><\/strong><\/strong><\/strong><\/strong><\/strong><\/strong><\/strong><\/strong><\/strong><\/strong><\/strong><\/strong><\/strong><\/strong><\/strong><\/strong><\/strong><\/strong><\/strong><\/strong><\/strong><\/strong><\/strong><\/strong><\/h2>\n\n\n\n<p class=\"wp-block-paragraph\">En un habitatge maximalista, les parets poques vegades s\u00f3n un element secundari. Fotografies, pintures, l\u00e0mines, escultures i peces artesanals poden formar part activa de l\u2019arquitectura interior.<\/p>\n\n\n\n<p class=\"wp-block-paragraph\">Una composici\u00f3 tipus <em>gallery wall<\/em> permet reunir obres de diferents mides i estils. Ara b\u00e9, tamb\u00e9 es pot optar per una \u00fanica pe\u00e7a de gran format que funcioni com a punt focal.<\/p>\n\n\n\n<p class=\"wp-block-paragraph\">El <strong>maximalisme i el disseny d\u2019interiors<\/strong> ofereixen, a m\u00e9s, una oportunitat per incorporar objectes personals: records de viatges, llibres, antiguitats, peces heretades o col\u00b7leccions es poden integrar en el projecte en lloc de romandre amagats.<\/p>\n\n\n\n<p class=\"wp-block-paragraph\">El resultat s\u00f3n espais que expliquen alguna cosa sobre les persones que hi viuen.<\/p>\n\n\n\n<div style=\"height:20px\" aria-hidden=\"true\" class=\"wp-block-spacer\"><\/div>\n<\/div><figure class=\"wp-block-media-text__media\"><img decoding=\"async\" width=\"1135\" height=\"605\" src=\"https:\/\/www.vbisogno.com\/wp-content\/uploads\/2026\/08\/maximalismo-interiores-2-1135x605.jpg\" alt=\"maximalismo interiores 2\" class=\"wp-image-14943 size-full\" style=\"object-position:50% 50%\"\/><\/figure><\/div>\n\n\n\t<\/div>\n<\/div>\n\n\n<div\nstyle=\"padding-top:var(--wp--preset--spacing--40);padding-bottom:var(--wp--preset--spacing--40)\" class=\"xsd-container align wp-block-xsd-container\" id=\"xsd-container-8\">\n\t<div class=\"wrapper wrapper--normal\">\n\t\t\n\n<div class=\"wp-block-media-text is-stacked-on-mobile is-image-fill-element\"><figure class=\"wp-block-media-text__media\"><img decoding=\"async\" width=\"1135\" height=\"605\" src=\"https:\/\/www.vbisogno.com\/wp-content\/uploads\/2026\/08\/maximalismo-diseno-1135x605.jpg\" alt=\"maximalismo disen\u0303o\" class=\"wp-image-14942 size-full\" style=\"object-position:50% 50%\"\/><\/figure><div class=\"wp-block-media-text__content\">\n<h2 class=\"wp-block-heading\"><strong><strong><strong><strong><strong><strong><strong><strong><strong><strong><strong><strong><strong><strong><strong><strong><strong><strong><strong><strong><strong><strong><strong><strong><strong><strong><strong><strong><strong><strong><strong><strong><strong><strong><strong><strong>Barrejar mobles i \u00e8poques: un dels trets distintius del maximalisme<\/strong><\/strong><\/strong><\/strong><\/strong><\/strong><\/strong><\/strong><\/strong><\/strong><\/strong><\/strong><\/strong><\/strong><\/strong><\/strong><\/strong><\/strong><\/strong><\/strong><\/strong><\/strong><\/strong><\/strong><\/strong><\/strong><\/strong><\/strong><\/strong><\/strong><\/strong><\/strong><\/strong><\/strong><\/strong><\/strong><\/h2>\n\n\n\n<p class=\"wp-block-paragraph\">Un habitatge maximalista no necessita pert\u00e0nyer a un \u00fanic corrent est\u00e8tic. De fet, combinar refer\u00e8ncies acostuma a aportar car\u00e0cter.<\/p>\n\n\n\n<p class=\"wp-block-paragraph\">Una taula contempor\u00e0nia pot conviure amb una c\u00f2moda antiga, una l\u00e0mpada escult\u00f2rica amb una catifa cl\u00e0ssica o una pe\u00e7a de disseny amb elements artesanals. El secret \u00e9s trobar connexions entre aquests elements mitjan\u00e7ant les proporcions, els materials o els colors.<\/p>\n\n\n\n<p class=\"wp-block-paragraph\">En lloc de comprar tots els mobles d\u2019una mateixa col\u00b7lecci\u00f3, el <strong>maximalisme com a estil<\/strong> convida a construir els interiors progressivament, seleccionant peces amb identitat pr\u00f2pia.<\/p>\n<\/div><\/div>\n\n\n\t<\/div>\n<\/div>\n\n\n<div\nstyle=\"padding-top:var(--wp--preset--spacing--40);padding-bottom:var(--wp--preset--spacing--40)\" class=\"xsd-container align wp-block-xsd-container\" id=\"xsd-container-9\">\n\t<div class=\"wrapper wrapper--normal\">\n\t\t\n\n<div class=\"wp-block-media-text has-media-on-the-right is-stacked-on-mobile is-image-fill-element\"><div class=\"wp-block-media-text__content\">\n<h2 class=\"wp-block-heading\"><strong><strong><strong><strong><strong><strong><strong><strong><strong><strong><strong><strong><strong><strong><strong><strong><strong><strong><strong><strong><strong><strong><strong><strong><strong><strong><strong><strong><strong><strong><strong><strong><strong><strong><strong><strong><strong>Com evitar que un espai maximalista sembli desordenat?<\/strong><\/strong><\/strong><\/strong><\/strong><\/strong><\/strong><\/strong><\/strong><\/strong><\/strong><\/strong><\/strong><\/strong><\/strong><\/strong><\/strong><\/strong><\/strong><\/strong><\/strong><\/strong><\/strong><\/strong><\/strong><\/strong><\/strong><\/strong><\/strong><\/strong><\/strong><\/strong><\/strong><\/strong><\/strong><\/strong><\/strong><\/h2>\n\n\n\n<p class=\"wp-block-paragraph\">Aquesta \u00e9s probablement una de les q\u00fcestions m\u00e9s importants a l\u2019hora de treballar el <strong>maximalisme en interiors<\/strong>. L\u2019abund\u00e0ncia visual ha d\u2019anar acompanyada d\u2019una certa organitzaci\u00f3.<\/p>\n\n\n\n<p class=\"wp-block-paragraph\">Per mantenir l\u2019equilibri conv\u00e9:<\/p>\n\n\n\n<ul class=\"wp-block-list\">\n<li>Repetir colors o materials per generar continu\u00eftat.<\/li>\n\n\n\n<li>Definir un o diversos punts focals dins de cada estan\u00e7a.<\/li>\n\n\n\n<li>Mantenir espais lliures que permetin descansar la mirada.<\/li>\n\n\n\n<li>Combinar zones visualment intenses amb d\u2019altres de m\u00e9s tranquil\u00b7les.<\/li>\n\n\n\n<li>Agrupar els objectes en composicions en lloc de distribuir-los sense criteri.<\/li>\n\n\n\n<li>Tenir especial cura de la il\u00b7luminaci\u00f3 per destacar volums, textures i peces decoratives.<\/li>\n<\/ul>\n\n\n\n<p class=\"wp-block-paragraph\">La difer\u00e8ncia entre un espai maximalista i un espai simplement recarregat acostuma a trobar-se precisament en la intenci\u00f3 amb qu\u00e8 s\u2019ha dissenyat.<\/p>\n<\/div><figure class=\"wp-block-media-text__media\"><img decoding=\"async\" width=\"1135\" height=\"605\" src=\"https:\/\/www.vbisogno.com\/wp-content\/uploads\/2026\/08\/maximalismo-diseno-de-interiores-1135x605.jpg\" alt=\"maximalismo disen\u0303o de interiores\" class=\"wp-image-14941 size-full\" style=\"object-position:50% 50%\"\/><\/figure><\/div>\n\n\n\t<\/div>\n<\/div>\n\n\n<div\nstyle=\"padding-top:var(--wp--preset--spacing--40);padding-bottom:var(--wp--preset--spacing--40)\" class=\"xsd-container align wp-block-xsd-container\" id=\"xsd-container-10\">\n\t<div class=\"wrapper wrapper--normal\">\n\t\t\n\n<div class=\"wp-block-media-text is-stacked-on-mobile is-image-fill-element\"><figure class=\"wp-block-media-text__media\"><img decoding=\"async\" width=\"1135\" height=\"605\" src=\"https:\/\/www.vbisogno.com\/wp-content\/uploads\/2026\/08\/maximalismo-decoracion-1135x605.jpg\" alt=\"maximalismo decoracio\u0301n\" class=\"wp-image-14940 size-full\" style=\"object-position:50% 50%\"\/><\/figure><div class=\"wp-block-media-text__content\">\n<h2 class=\"wp-block-heading\"><strong><strong><strong><strong><strong><strong><strong><strong><strong><strong><strong><strong><strong><strong><strong><strong><strong><strong><strong><strong><strong><strong><strong><strong><strong><strong><strong><strong><strong><strong><strong><strong><strong><strong><strong><strong><strong><strong>En quines estances funciona millor el maximalisme?<\/strong><\/strong><\/strong><\/strong><\/strong><\/strong><\/strong><\/strong><\/strong><\/strong><\/strong><\/strong><\/strong><\/strong><\/strong><\/strong><\/strong><\/strong><\/strong><\/strong><\/strong><\/strong><\/strong><\/strong><\/strong><\/strong><\/strong><\/strong><\/strong><\/strong><\/strong><\/strong><\/strong><\/strong><\/strong><\/strong><\/strong><\/strong><\/h2>\n\n\n\n<p class=\"wp-block-paragraph\">L\u2019<strong>estil maximalista en decoraci\u00f3<\/strong> es pot traslladar pr\u00e0cticament a qualsevol estan\u00e7a, tot i que cada espai requereix una intensitat diferent.<\/p>\n\n\n\n<p class=\"wp-block-paragraph\">A la sala d\u2019estar permet jugar especialment amb catifes, coixins, obres d\u2019art, mobiliari i peces decoratives. Tamb\u00e9 \u00e9s un lloc ideal per integrar-hi col\u00b7leccions o prestatgeries amb llibres.<\/p>\n\n\n\n<p class=\"wp-block-paragraph\">En un dormitori es pot utilitzar d\u2019una manera m\u00e9s envoltant mitjan\u00e7ant papers pintats, cap\u00e7als protagonistes, t\u00e8xtils superposats i una il\u00b7luminaci\u00f3 c\u00e0lida.<\/p>\n\n\n\n<p class=\"wp-block-paragraph\">Fins i tot espais petits com un bany o un rebedor poden convertir-se en llocs perfectes per experimentar amb colors intensos, materials singulars o papers pintats cridaners.<\/p>\n\n\n\n<p class=\"wp-block-paragraph\">No cal transformar tot l\u2019habitatge en una <strong>casa maximalista<\/strong>. Tamb\u00e9 \u00e9s possible introduir aquesta filosofia \u00fanicament en determinades estances o racons.<\/p>\n<\/div><\/div>\n\n\n\t<\/div>\n<\/div>\n\n\n<div\nstyle=\"padding-top:var(--wp--preset--spacing--40);padding-bottom:var(--wp--preset--spacing--40)\" class=\"xsd-container align wp-block-xsd-container\" id=\"xsd-container-11\">\n\t<div class=\"wrapper wrapper--normal\">\n\t\t\n\n<div class=\"wp-block-media-text has-media-on-the-right is-stacked-on-mobile is-image-fill-element\"><div class=\"wp-block-media-text__content\">\n<h2 class=\"wp-block-heading\">Maximalisme: una decoraci\u00f3 que parla de les persones que habiten l\u2019espai<\/h2>\n\n\n\n<p class=\"wp-block-paragraph\">M\u00e9s enll\u00e0 d\u2019una tend\u00e8ncia est\u00e8tica, el maximalisme proposa una manera diferent de relacionar-nos amb els nostres espais.<\/p>\n\n\n\n<p class=\"wp-block-paragraph\">No busca habitatges perfectament uniformes, sin\u00f3 interiors constru\u00efts a partir de records, interessos, art, materials i peces escollides amb intenci\u00f3.<\/p>\n\n\n\n<p class=\"wp-block-paragraph\">Per aix\u00f2, el <strong>maximalisme en el disseny d\u2019interiors<\/strong> pot donar lloc a projectes molt diferents entre si. No existeix una \u00fanica f\u00f3rmula: cada habitatge pot desenvolupar el seu propi llenguatge.<\/p>\n\n\n\n<p class=\"wp-block-paragraph\">A <strong><a href=\"https:\/\/www.vbisogno.com\/ca\/\" target=\"_blank\" rel=\"noreferrer noopener\">VBisogno<\/a><\/strong>, entenem l\u2019interiorisme com una eina per crear espais que reflecteixin la personalitat i les necessitats de les persones que hi viuen. A trav\u00e9s d\u2019una selecci\u00f3 acurada de colors, materials, mobiliari i peces decoratives, \u00e9s possible desenvolupar interiors amb car\u00e0cter sense renunciar a l\u2019equilibri i la funcionalitat.<\/p>\n<\/div><figure class=\"wp-block-media-text__media\"><img decoding=\"async\" width=\"1135\" height=\"605\" src=\"https:\/\/www.vbisogno.com\/wp-content\/uploads\/2026\/08\/maximalismo-2-1135x605.jpg\" alt=\"maximalismo 2\" class=\"wp-image-14939 size-full\" style=\"object-position:50% 50%\"\/><\/figure><\/div>\n\n\n\t<\/div>\n<\/div>\n\n\n<div\nstyle=\"padding-top:var(--wp--preset--spacing--40);padding-bottom:var(--wp--preset--spacing--40)\" class=\"xsd-container align wp-block-xsd-container\" id=\"xsd-container-12\">\n\t<div class=\"wrapper wrapper--normal\">\n\t\t\n\n<div class=\"wp-block-media-text is-stacked-on-mobile is-image-fill-element\"><figure class=\"wp-block-media-text__media\"><img decoding=\"async\" width=\"1135\" height=\"605\" src=\"https:\/\/www.vbisogno.com\/wp-content\/uploads\/2026\/08\/estilo-maximalista-decoracion-1135x605.jpg\" alt=\"estilo maximalista decoracion\" class=\"wp-image-14937 size-full\" style=\"object-position:6% 38%\"\/><\/figure><div class=\"wp-block-media-text__content\">\n<h2 class=\"wp-block-heading\"><strong><strong><strong><strong><strong><strong><strong><strong><strong><strong><strong><strong><strong><strong><strong><strong><strong><strong><strong><strong><strong><strong><strong><strong><strong><strong><strong><strong><strong><strong><strong><strong><strong><strong><strong><strong><strong><strong><strong><strong>FAQ sobre maximalisme en interiors<\/strong><\/strong><\/strong><\/strong><\/strong><\/strong><\/strong><\/strong><\/strong><\/strong><\/strong><\/strong><\/strong><\/strong><\/strong><\/strong><\/strong><\/strong><\/strong><\/strong><\/strong><\/strong><\/strong><\/strong><\/strong><\/strong><\/strong><\/strong><\/strong><\/strong><\/strong><\/strong><\/strong><\/strong><\/strong><\/strong><\/strong><\/strong><\/strong><\/strong><\/h2>\n\n\n\n<p class=\"wp-block-paragraph\"><strong>Qu\u00e8 significa maximalisme en decoraci\u00f3?<\/strong><\/p>\n\n\n\n<p class=\"wp-block-paragraph\">El <strong>maximalisme en decoraci\u00f3<\/strong> \u00e9s un corrent que aposta per combinar colors, estampats, textures, art i objectes amb personalitat. El seu objectiu no \u00e9s acumular elements, sin\u00f3 crear composicions visualment riques i coherents.<\/p>\n\n\n\n<p class=\"wp-block-paragraph\"><strong>Quina difer\u00e8ncia hi ha entre minimalisme i maximalisme?<\/strong><\/p>\n\n\n\n<p class=\"wp-block-paragraph\">El minimalisme prioritza la reducci\u00f3 d\u2019elements, les l\u00ednies senzilles i els espais buits i ordenats. El maximalisme aposta per la superposici\u00f3, la barreja d\u2019estils i una major riquesa de colors, materials i objectes decoratius.<\/p>\n\n\n\n<p class=\"wp-block-paragraph\"><strong>Com aconseguir un estil maximalista sense recarregar una habitaci\u00f3?<\/strong><\/p>\n\n\n\n<p class=\"wp-block-paragraph\">La clau consisteix a establir un fil conductor. Repetir determinats colors, crear punts focals, agrupar els objectes i deixar algunes zones visualment m\u00e9s tranquil\u00b7les permet aconseguir un espai maximalista equilibrat.<\/p>\n\n\n\n<p class=\"wp-block-paragraph\"><strong>Quins colors s\u2019utilitzen en l\u2019estil maximalista?<\/strong><\/p>\n\n\n\n<p class=\"wp-block-paragraph\">No existeix una paleta espec\u00edfica. Es poden utilitzar colors intensos, tons foscos, pastel o, fins i tot, combinacions molt contrastades. L\u2019important \u00e9s crear una relaci\u00f3 coherent entre ells.<\/p>\n\n\n\n<p class=\"wp-block-paragraph\"><strong>El maximalisme funciona en espais petits?<\/strong><\/p>\n\n\n\n<p class=\"wp-block-paragraph\">S\u00ed. En espais petits es pot aplicar mitjan\u00e7ant un paper pintat protagonista, una selecci\u00f3 d\u2019art, t\u00e8xtils estampats o peces de mobiliari especials. No \u00e9s necessari utilitzar tots els recursos de l\u2019estil maximalista alhora.<\/p>\n<\/div><\/div>\n\n\n\t<\/div>\n<\/div>\n\n\n\n<p class=\"wp-block-paragraph\"><\/p>\n","protected":false},"excerpt":{"rendered":"","protected":false},"author":1,"featured_media":14952,"comment_status":"open","ping_status":"closed","sticky":false,"template":"","format":"standard","meta":{"_acf_changed":false,"_joinchat":[],"footnotes":""},"categories":[1],"tags":[],"class_list":["post-14950","post","type-post","status-publish","format-standard","has-post-thumbnail","hentry","category-sin-categoria"],"acf":[],"yoast_head":"<!-- This site is optimized with the Yoast SEO plugin v27.7 - https:\/\/yoast.com\/product\/yoast-seo-wordpress\/ -->\n<title>Maximalisme en interiors: com decorar amb color, textura i personalitat<\/title>\n<meta name=\"description\" content=\"El maximalisme en interiors aposta per colors intensos, estampats, obres d\u2019art, mobles amb personalitat i objectes que expliquen hist\u00f2ries conviuen per crear espais \u00fanics.\" \/>\n<meta name=\"robots\" content=\"index, follow, max-snippet:-1, max-image-preview:large, max-video-preview:-1\" \/>\n<link rel=\"canonical\" href=\"https:\/\/www.vbisogno.com\/ca\/blog\/maximalismo-interiores-decorar-color-personalidad\/\" \/>\n<meta property=\"og:locale\" content=\"ca_ES\" \/>\n<meta property=\"og:type\" content=\"article\" \/>\n<meta property=\"og:title\" content=\"Maximalisme en interiors: com decorar amb color, textura i personalitat\" \/>\n<meta property=\"og:description\" content=\"El maximalisme en interiors aposta per colors intensos, estampats, obres d\u2019art, mobles amb personalitat i objectes que expliquen hist\u00f2ries conviuen per crear espais \u00fanics.\" \/>\n<meta property=\"og:url\" content=\"https:\/\/www.vbisogno.com\/ca\/blog\/maximalismo-interiores-decorar-color-personalidad\/\" \/>\n<meta property=\"og:site_name\" content=\"VBISOGNO\" \/>\n<meta property=\"article:publisher\" content=\"https:\/\/facebook.com\/vbisognostudio\" \/>\n<meta property=\"article:published_time\" content=\"2026-08-25T09:28:35+00:00\" \/>\n<meta property=\"article:modified_time\" content=\"2026-08-25T09:49:50+00:00\" \/>\n<meta property=\"og:image\" content=\"https:\/\/www.vbisogno.com\/wp-content\/uploads\/2026\/08\/minimalismo-y-maximalismo.jpg\" \/>\n\t<meta property=\"og:image:width\" content=\"1448\" \/>\n\t<meta property=\"og:image:height\" content=\"1086\" \/>\n\t<meta property=\"og:image:type\" content=\"image\/jpeg\" \/>\n<meta name=\"author\" content=\"Vbisogno Studio\" \/>\n<meta name=\"twitter:card\" content=\"summary_large_image\" \/>\n<meta name=\"twitter:label1\" content=\"Escrit per\" \/>\n\t<meta name=\"twitter:data1\" content=\"Vbisogno Studio\" \/>\n\t<meta name=\"twitter:label2\" content=\"Temps estimat de lectura\" \/>\n\t<meta name=\"twitter:data2\" content=\"9 minuts\" \/>\n<!-- \/ Yoast SEO plugin. -->","yoast_head_json":{"title":"Maximalisme en interiors: com decorar amb color, textura i personalitat","description":"El maximalisme en interiors aposta per colors intensos, estampats, obres d\u2019art, mobles amb personalitat i objectes que expliquen hist\u00f2ries conviuen per crear espais \u00fanics.","robots":{"index":"index","follow":"follow","max-snippet":"max-snippet:-1","max-image-preview":"max-image-preview:large","max-video-preview":"max-video-preview:-1"},"canonical":"https:\/\/www.vbisogno.com\/ca\/blog\/maximalismo-interiores-decorar-color-personalidad\/","og_locale":"ca_ES","og_type":"article","og_title":"Maximalisme en interiors: com decorar amb color, textura i personalitat","og_description":"El maximalisme en interiors aposta per colors intensos, estampats, obres d\u2019art, mobles amb personalitat i objectes que expliquen hist\u00f2ries conviuen per crear espais \u00fanics.","og_url":"https:\/\/www.vbisogno.com\/ca\/blog\/maximalismo-interiores-decorar-color-personalidad\/","og_site_name":"VBISOGNO","article_publisher":"https:\/\/facebook.com\/vbisognostudio","article_published_time":"2026-08-25T09:28:35+00:00","article_modified_time":"2026-08-25T09:49:50+00:00","og_image":[{"width":1448,"height":1086,"url":"https:\/\/www.vbisogno.com\/wp-content\/uploads\/2026\/08\/minimalismo-y-maximalismo.jpg","type":"image\/jpeg"}],"author":"Vbisogno Studio","twitter_card":"summary_large_image","twitter_misc":{"Escrit per":"Vbisogno Studio","Temps estimat de lectura":"9 minuts"},"schema":{"@context":"https:\/\/schema.org","@graph":[{"@type":"Article","@id":"https:\/\/www.vbisogno.com\/ca\/blog\/maximalismo-interiores-decorar-color-personalidad\/#article","isPartOf":{"@id":"https:\/\/www.vbisogno.com\/ca\/blog\/maximalismo-interiores-decorar-color-personalidad\/"},"author":{"name":"Vbisogno Studio","@id":"https:\/\/www.vbisogno.com\/ca\/#\/schema\/person\/6d1cbfcc62ba2826e204e503d46ec7dd"},"headline":"Maximalisme en interiors: com decorar amb color, textura i personalitat","datePublished":"2026-08-25T09:28:35+00:00","dateModified":"2026-08-25T09:49:50+00:00","mainEntityOfPage":{"@id":"https:\/\/www.vbisogno.com\/ca\/blog\/maximalismo-interiores-decorar-color-personalidad\/"},"wordCount":1498,"commentCount":0,"publisher":{"@id":"https:\/\/www.vbisogno.com\/ca\/#organization"},"image":{"@id":"https:\/\/www.vbisogno.com\/ca\/blog\/maximalismo-interiores-decorar-color-personalidad\/#primaryimage"},"thumbnailUrl":"https:\/\/www.vbisogno.com\/wp-content\/uploads\/2026\/08\/minimalismo-y-maximalismo.jpg","articleSection":["Sin categor\u00eda"],"inLanguage":"ca","potentialAction":[{"@type":"CommentAction","name":"Comment","target":["https:\/\/www.vbisogno.com\/ca\/blog\/maximalismo-interiores-decorar-color-personalidad\/#respond"]}]},{"@type":"WebPage","@id":"https:\/\/www.vbisogno.com\/ca\/blog\/maximalismo-interiores-decorar-color-personalidad\/","url":"https:\/\/www.vbisogno.com\/ca\/blog\/maximalismo-interiores-decorar-color-personalidad\/","name":"Maximalisme en interiors: com decorar amb color, textura i personalitat","isPartOf":{"@id":"https:\/\/www.vbisogno.com\/ca\/#website"},"primaryImageOfPage":{"@id":"https:\/\/www.vbisogno.com\/ca\/blog\/maximalismo-interiores-decorar-color-personalidad\/#primaryimage"},"image":{"@id":"https:\/\/www.vbisogno.com\/ca\/blog\/maximalismo-interiores-decorar-color-personalidad\/#primaryimage"},"thumbnailUrl":"https:\/\/www.vbisogno.com\/wp-content\/uploads\/2026\/08\/minimalismo-y-maximalismo.jpg","datePublished":"2026-08-25T09:28:35+00:00","dateModified":"2026-08-25T09:49:50+00:00","description":"El maximalisme en interiors aposta per colors intensos, estampats, obres d\u2019art, mobles amb personalitat i objectes que expliquen hist\u00f2ries conviuen per crear espais \u00fanics.","breadcrumb":{"@id":"https:\/\/www.vbisogno.com\/ca\/blog\/maximalismo-interiores-decorar-color-personalidad\/#breadcrumb"},"inLanguage":"ca","potentialAction":[{"@type":"ReadAction","target":["https:\/\/www.vbisogno.com\/ca\/blog\/maximalismo-interiores-decorar-color-personalidad\/"]}]},{"@type":"ImageObject","inLanguage":"ca","@id":"https:\/\/www.vbisogno.com\/ca\/blog\/maximalismo-interiores-decorar-color-personalidad\/#primaryimage","url":"https:\/\/www.vbisogno.com\/wp-content\/uploads\/2026\/08\/minimalismo-y-maximalismo.jpg","contentUrl":"https:\/\/www.vbisogno.com\/wp-content\/uploads\/2026\/08\/minimalismo-y-maximalismo.jpg","width":1448,"height":1086,"caption":"maximalismo interiores"},{"@type":"BreadcrumbList","@id":"https:\/\/www.vbisogno.com\/ca\/blog\/maximalismo-interiores-decorar-color-personalidad\/#breadcrumb","itemListElement":[{"@type":"ListItem","position":1,"name":"Home","item":"https:\/\/www.vbisogno.com\/ca\/"},{"@type":"ListItem","position":2,"name":"Maximalisme en interiors: com decorar amb color, textura i personalitat"}]},{"@type":"WebSite","@id":"https:\/\/www.vbisogno.com\/ca\/#website","url":"https:\/\/www.vbisogno.com\/ca\/","name":"Vbisogno","description":"","publisher":{"@id":"https:\/\/www.vbisogno.com\/ca\/#organization"},"alternateName":"Vbisogno","potentialAction":[{"@type":"SearchAction","target":{"@type":"EntryPoint","urlTemplate":"https:\/\/www.vbisogno.com\/ca\/?s={search_term_string}"},"query-input":{"@type":"PropertyValueSpecification","valueRequired":true,"valueName":"search_term_string"}}],"inLanguage":"ca"},{"@type":"Organization","@id":"https:\/\/www.vbisogno.com\/ca\/#organization","name":"Vbisogno","alternateName":"Vbisogno","url":"https:\/\/www.vbisogno.com\/ca\/","logo":{"@type":"ImageObject","inLanguage":"ca","@id":"https:\/\/www.vbisogno.com\/ca\/#\/schema\/logo\/image\/","url":"https:\/\/www.vbisogno.com\/wp-content\/uploads\/2023\/11\/vbisogno-horizontal.svg","contentUrl":"https:\/\/www.vbisogno.com\/wp-content\/uploads\/2023\/11\/vbisogno-horizontal.svg","width":176,"height":47,"caption":"Vbisogno"},"image":{"@id":"https:\/\/www.vbisogno.com\/ca\/#\/schema\/logo\/image\/"},"sameAs":["https:\/\/facebook.com\/vbisognostudio","http:\/\/instagram.com\/vbisognostudio"]},{"@type":"Person","@id":"https:\/\/www.vbisogno.com\/ca\/#\/schema\/person\/6d1cbfcc62ba2826e204e503d46ec7dd","name":"Vbisogno Studio","image":{"@type":"ImageObject","inLanguage":"ca","@id":"https:\/\/secure.gravatar.com\/avatar\/9edb1b7bbd9ba511389bd1856aeea098c1ff53d7b48dd496ae7d023548c86178?s=96&d=mm&r=g","url":"https:\/\/secure.gravatar.com\/avatar\/9edb1b7bbd9ba511389bd1856aeea098c1ff53d7b48dd496ae7d023548c86178?s=96&d=mm&r=g","contentUrl":"https:\/\/secure.gravatar.com\/avatar\/9edb1b7bbd9ba511389bd1856aeea098c1ff53d7b48dd496ae7d023548c86178?s=96&d=mm&r=g","caption":"Vbisogno Studio"},"sameAs":["http:\/\/www.vbisogno.com.local"]}]}},"_links":{"self":[{"href":"https:\/\/www.vbisogno.com\/ca\/wp-json\/wp\/v2\/posts\/14950","targetHints":{"allow":["GET"]}}],"collection":[{"href":"https:\/\/www.vbisogno.com\/ca\/wp-json\/wp\/v2\/posts"}],"about":[{"href":"https:\/\/www.vbisogno.com\/ca\/wp-json\/wp\/v2\/types\/post"}],"author":[{"embeddable":true,"href":"https:\/\/www.vbisogno.com\/ca\/wp-json\/wp\/v2\/users\/1"}],"replies":[{"embeddable":true,"href":"https:\/\/www.vbisogno.com\/ca\/wp-json\/wp\/v2\/comments?post=14950"}],"version-history":[{"count":1,"href":"https:\/\/www.vbisogno.com\/ca\/wp-json\/wp\/v2\/posts\/14950\/revisions"}],"predecessor-version":[{"id":14968,"href":"https:\/\/www.vbisogno.com\/ca\/wp-json\/wp\/v2\/posts\/14950\/revisions\/14968"}],"wp:featuredmedia":[{"embeddable":true,"href":"https:\/\/www.vbisogno.com\/ca\/wp-json\/wp\/v2\/media\/14952"}],"wp:attachment":[{"href":"https:\/\/www.vbisogno.com\/ca\/wp-json\/wp\/v2\/media?parent=14950"}],"wp:term":[{"taxonomy":"category","embeddable":true,"href":"https:\/\/www.vbisogno.com\/ca\/wp-json\/wp\/v2\/categories?post=14950"},{"taxonomy":"post_tag","embeddable":true,"href":"https:\/\/www.vbisogno.com\/ca\/wp-json\/wp\/v2\/tags?post=14950"}],"curies":[{"name":"wp","href":"https:\/\/api.w.org\/{rel}","templated":true}]}}