{"id":14883,"date":"2026-09-01T14:45:48","date_gmt":"2026-09-01T12:45:48","guid":{"rendered":"https:\/\/www.vbisogno.com\/?p=14883"},"modified":"2026-09-01T14:56:08","modified_gmt":"2026-09-01T12:56:08","slug":"interiorisme-sostenible-materials-claus","status":"publish","type":"post","link":"https:\/\/www.vbisogno.com\/ca\/blog\/interiorismo-sostenible-materiales-claves\/","title":{"rendered":"Interiorisme sostenible: materials i claus de disseny"},"content":{"rendered":"<div\nclass=\"xsd-cover skip-lazy dark-bg xsd-cover--image aligncenter wp-block-xsd-cover wp-block-xsd-cover-\">\n\t<img decoding=\"async\" width=\"1448\" height=\"1086\" src=\"https:\/\/www.vbisogno.com\/wp-content\/uploads\/2026\/08\/diseno-de-interiores-ecologico.jpg\" class=\"xsd-cover__image\" alt=\"disen\u0303o de interiores ecolo\u0301gico\" \/>\t<div class=\"xsd-cover__overlay\"><\/div>\n\t<div class=\"xsd-cover__content\">\n\t\t\n<div\nclass=\"xsd-container align wp-block-xsd-container\" id=\"xsd-container-1\">\n\t<div class=\"wrapper wrapper--small\">\n\t\t\n\n<h1 class=\"wp-block-heading has-text-align-center has-background-color has-text-color has-link-color wp-elements-1\"><strong><strong><strong><strong><strong><strong><strong><strong><strong><strong><strong><strong><strong><strong><strong><strong><strong><strong><strong><strong><strong><strong><strong><strong><strong><strong><strong><strong><strong><strong><strong><strong><strong><strong><strong><strong>Interiorisme sostenible: materials i claus de disseny<\/strong><\/strong><\/strong><\/strong><\/strong><\/strong><\/strong><\/strong><\/strong><\/strong><\/strong><\/strong><\/strong><\/strong><\/strong><\/strong><\/strong><\/strong><\/strong><\/strong><\/strong><\/strong><\/strong><\/strong><\/strong><\/strong><\/strong><\/strong><\/strong><\/strong><\/strong><\/strong><\/strong><\/strong><\/strong><\/strong><\/h1>\n\n\n\n<div\n\tclass=\"autor-fecha vbisogno-autor-fecha wp-block-vbisogno-autor-fecha\" id=\"block_7787305ab21b77c2264dd723e1856bbd\">\n\t<span class=\"blogs-autor\">AUTOR: VBISOGNO STUDIO<\/span>\n\t&nbsp;&nbsp;\n\t<span class=\"blogs-fecha\">FECHA: 01\/09\/2026<\/span>\n<\/div>\n\n\n\n<p class=\"wp-block-paragraph\">L\u2019interiorisme sostenible suposa prendre decisions m\u00e9s conscients des de l\u2019inici del projecte.<br><\/p>\n\n\n\t<\/div>\n<\/div>\n\n\n\t<\/div>\n<\/div>\n\n\n<div\nstyle=\"padding-top:var(--wp--preset--spacing--50);padding-bottom:var(--wp--preset--spacing--50)\" class=\"xsd-container align wp-block-xsd-container\" id=\"xsd-container-2\">\n\t<div class=\"wrapper wrapper--normal\">\n\t\t\n\n<p class=\"wp-block-paragraph\">Dissenyar un habitatge pensant en la seva est\u00e8tica i funcionalitat ja no \u00e9s suficient. Cada vegada parem m\u00e9s atenci\u00f3 a com els espais que habitem consumeixen energia, quins materials incorporen i de quina manera poden influir en el nostre benestar.<\/p>\n\n\n\n<p class=\"wp-block-paragraph\">L\u2019interiorisme sostenible parteix precisament d\u2019aquesta visi\u00f3 global: crear espais c\u00f2modes, duradors i saludables reduint, alhora, el seu impacte ambiental. I aix\u00f2 no implica renunciar al disseny. Al contrari, suposa prendre decisions m\u00e9s conscients des de l\u2019inici del projecte.<\/p>\n\n\n\t<\/div>\n<\/div>\n\n\n<div\nstyle=\"padding-top:var(--wp--preset--spacing--60);padding-bottom:var(--wp--preset--spacing--60)\" class=\"xsd-container align wp-block-xsd-container\" id=\"xsd-container-3\">\n\t<div class=\"wrapper wrapper--normal\">\n\t\t\n\n<div class=\"wp-block-media-text has-media-on-the-right is-stacked-on-mobile is-image-fill-element\"><div class=\"wp-block-media-text__content\">\n<h2 class=\"wp-block-heading\"><strong><strong><strong><strong><strong><strong><strong><strong><strong><strong><strong><strong><strong><strong><strong><strong><strong><strong><strong><strong><strong><strong><strong><strong><strong><strong><strong><strong><strong><strong><strong><strong><strong><strong><strong><strong><strong><strong><strong>Qu\u00e8 \u00e9s l\u2019interiorisme sostenible?<\/strong><\/strong><\/strong><\/strong><\/strong><\/strong><\/strong><\/strong><\/strong><\/strong><\/strong><\/strong><\/strong><\/strong><\/strong><\/strong><\/strong><\/strong><\/strong><\/strong><\/strong><\/strong><\/strong><\/strong><\/strong><\/strong><\/strong><\/strong><\/strong><\/strong><\/strong><\/strong><\/strong><\/strong><\/strong><\/strong><\/strong><\/strong><\/strong><\/h2>\n\n\n\n<p class=\"wp-block-paragraph\">El disseny d\u2019interiors sostenible busca reduir l\u2019impacte ambiental d\u2019un habitatge durant tot el seu cicle de vida. Per aconseguir-ho, no nom\u00e9s importa quins materials s\u2019utilitzen, sin\u00f3 tamb\u00e9 quant duren, d\u2019on provenen, quin manteniment necessiten, si es poden reutilitzar o reciclar i com afecten el consum energ\u00e8tic de l\u2019espai.<\/p>\n\n\n\n<p class=\"wp-block-paragraph\">Els principis de l\u2019economia circular aplicats als edificis posen precisament el focus a prolongar la vida \u00fatil dels materials, reduir residus i dissenyar espais que es puguin adaptar amb m\u00e9s facilitat a nous usos.<\/p>\n\n\n\n<p class=\"wp-block-paragraph\">Per aix\u00f2, parlar de sostenibilitat en interiorisme implica combinar diferents decisions:<\/p>\n\n\n\n<ul class=\"wp-block-list\">\n<li>Reduir el consum d\u2019energia.<\/li>\n\n\n\n<li>Dissenyar espais capa\u00e7os d\u2019evolucionar sense necessitar reformes constants.<\/li>\n\n\n\n<li>Millorar l\u2019aprofitament de la llum i de les condicions naturals de l\u2019habitatge.<\/li>\n\n\n\n<li>Triar acabats i materials que contribueixin a mantenir una bona qualitat ambiental interior.<\/li>\n\n\n\n<li>Prioritzar materials duradors, reciclats, reciclables o procedents de fonts responsables.<\/li>\n<\/ul>\n\n\n\n<p class=\"wp-block-paragraph\">L\u2019objectiu \u00e9s aconseguir interiors sostenibles que funcionin b\u00e9 avui, per\u00f2 que tamb\u00e9 puguin continuar fent-ho d\u2019aqu\u00ed a molts anys.<\/p>\n<\/div><figure class=\"wp-block-media-text__media\"><img decoding=\"async\" width=\"1135\" height=\"605\" src=\"https:\/\/www.vbisogno.com\/wp-content\/uploads\/2026\/08\/diseno-de-interiores-sostenible-1135x605.jpg\" alt=\"disen\u0303o de interiores sostenible\" class=\"wp-image-14871 size-full\" style=\"object-position:50% 50%\"\/><\/figure><\/div>\n\n\n\t<\/div>\n<\/div>\n\n\n<div\nstyle=\"padding-top:var(--wp--preset--spacing--40);padding-bottom:var(--wp--preset--spacing--40)\" class=\"xsd-container align wp-block-xsd-container\" id=\"xsd-container-4\">\n\t<div class=\"wrapper wrapper--normal\">\n\t\t\n\n<div class=\"wp-block-media-text is-stacked-on-mobile is-image-fill-element\" style=\"grid-template-columns:52% auto\"><figure class=\"wp-block-media-text__media\"><img decoding=\"async\" width=\"1135\" height=\"605\" src=\"https:\/\/www.vbisogno.com\/wp-content\/uploads\/2026\/08\/diseno-interior-sostenible-1135x605.jpg\" alt=\"disen\u0303o interior sostenible\" class=\"wp-image-14872 size-full\" style=\"object-position:39% 35%\"\/><\/figure><div class=\"wp-block-media-text__content\">\n<h2 class=\"wp-block-heading\"><strong><strong><strong><strong><strong><strong><strong><strong><strong><strong><strong><strong><strong><strong><strong><strong><strong><strong><strong><strong><strong><strong><strong><strong><strong><strong><strong><strong><strong><strong><strong><strong><strong><strong><strong><strong><strong><strong>Materials sostenibles en interiorisme: quins podem utilitzar?<\/strong><\/strong><\/strong><\/strong><\/strong><\/strong><\/strong><\/strong><\/strong><\/strong><\/strong><\/strong><\/strong><\/strong><\/strong><\/strong><\/strong><\/strong><\/strong><\/strong><\/strong><\/strong><\/strong><\/strong><\/strong><\/strong><\/strong><\/strong><\/strong><\/strong><\/strong><\/strong><\/strong><\/strong><\/strong><\/strong><\/strong><\/strong><\/h2>\n\n\n\n<p class=\"wp-block-paragraph\">No existeix un \u00fanic material que es pugui considerar sostenible en qualsevol context. La proced\u00e8ncia, el proc\u00e9s de fabricaci\u00f3, la dist\u00e0ncia de transport, la durabilitat o la possibilitat de recuperar el material al final de la seva vida \u00fatil poden modificar considerablement el seu impacte.<\/p>\n\n\n\n<p class=\"wp-block-paragraph\">Tot i aix\u00ed, hi ha algunes opcions especialment interessants dins de l\u2019interiorisme ecol\u00f2gic.<\/p>\n\n\n\n<h3 class=\"wp-block-heading\"><strong>Fusta certificada o recuperada<\/strong><\/h3>\n\n\n\n<p class=\"wp-block-paragraph\">La fusta aporta calidesa i t\u00e9 aplicacions en paviments, mobiliari, revestiments o elements estructurals.<\/p>\n\n\n\n<p class=\"wp-block-paragraph\">Quan utilitzem fusta nova, certificacions com FSC (del <a href=\"https:\/\/es.fsc.org\/es-es\" target=\"_blank\" rel=\"noreferrer noopener\"><strong>Forest Stewardship Council<\/strong><\/a>) permeten identificar productes procedents de fonts gestionades de manera responsable. Una altra possibilitat \u00e9s recuperar fusta existent i donar-li una segona vida dins del projecte.<\/p>\n\n\n\n<h3 class=\"wp-block-heading\"><strong>Suro<\/strong><\/h3>\n\n\n\n<p class=\"wp-block-paragraph\">El suro \u00e9s un material renovable que es pot utilitzar en revestiments, paviments, elements decoratius i solucions d\u2019a\u00efllament. La seva textura i acabat natural el converteixen, a m\u00e9s, en un recurs interessant quan busquem combinar prestacions t\u00e8cniques i disseny.<\/p>\n\n\n\n<h3 class=\"wp-block-heading\"><strong>Materials reciclats i reutilitzats<\/strong><\/h3>\n\n\n\n<p class=\"wp-block-paragraph\">Vidre reciclat, fusta recuperada, determinats materials cer\u00e0mics o superf\u00edcies fabricades incorporant mat\u00e8ria primera reciclada poden ajudar a disminuir la necessitat d\u2019utilitzar nous recursos.<\/p>\n\n\n\n<p class=\"wp-block-paragraph\">La construcci\u00f3 circular aposta precisament per augmentar l\u2019\u00fas de materials reciclats i renovables, aix\u00ed com per dissenyar pensant en la seva reutilitzaci\u00f3 futura.<\/p>\n\n\n\n<h3 class=\"wp-block-heading\"><strong>Fibres i t\u00e8xtils naturals<\/strong><\/h3>\n\n\n\n<p class=\"wp-block-paragraph\">Lli, cot\u00f3, llana, jute o c\u00e0nem es poden incorporar en cortines, catifes, tapisseries i altres elements t\u00e8xtils.<\/p>\n\n\n\n<p class=\"wp-block-paragraph\">En aquest cas tamb\u00e9 conv\u00e9 valorar-ne la proced\u00e8ncia, els tractaments, la qualitat i la durabilitat. Que un material sigui natural no significa autom\u00e0ticament que tot el seu proc\u00e9s de producci\u00f3 sigui sostenible.<\/p>\n\n\n\n<h3 class=\"wp-block-heading\"><strong>Materials locals<\/strong><\/h3>\n\n\n\n<p class=\"wp-block-paragraph\">Treballar amb prove\u00efdors i materials disponibles a prop del projecte pot reduir determinats despla\u00e7aments i, a m\u00e9s, permet vincular el disseny amb els materials i les t\u00e8cniques pr\u00f2pies del territori.<\/p>\n\n\n\n<p class=\"wp-block-paragraph\">Cer\u00e0mica, pedra, fusta o peces artesanals locals poden convertir-se aix\u00ed en part de la identitat de l\u2019espai.<\/p>\n<\/div><\/div>\n\n\n\t<\/div>\n<\/div>\n\n\n<div class=\"wp-block-image\">\n<figure class=\"aligncenter size-large is-resized\"><img decoding=\"async\" width=\"1135\" height=\"605\" src=\"https:\/\/www.vbisogno.com\/wp-content\/uploads\/2026\/08\/interiorisme-sostenible-1135x605.png\" alt=\"\" class=\"wp-image-14896\" style=\"aspect-ratio:1.9774156766101445;width:622px;height:auto\"\/><\/figure>\n<\/div>\n\n<div\nstyle=\"padding-top:var(--wp--preset--spacing--40);padding-bottom:var(--wp--preset--spacing--40)\" class=\"xsd-container align wp-block-xsd-container\" id=\"xsd-container-5\">\n\t<div class=\"wrapper wrapper--normal\">\n\t\t\n\n<div class=\"wp-block-media-text has-media-on-the-right is-stacked-on-mobile is-image-fill-element\"><div class=\"wp-block-media-text__content\">\n<h2 class=\"wp-block-heading\"><strong><strong><strong><strong><strong><strong><strong><strong><strong><strong><strong><strong><strong><strong><strong><strong><strong><strong><strong><strong><strong><strong><strong><strong><strong><strong><strong><strong><strong><strong><strong><strong><strong><strong><strong><strong><strong>Efici\u00e8ncia energ\u00e8tica aplicada al disseny interior<\/strong><\/strong><\/strong><\/strong><\/strong><\/strong><\/strong><\/strong><\/strong><\/strong><\/strong><\/strong><\/strong><\/strong><\/strong><\/strong><\/strong><\/strong><\/strong><\/strong><\/strong><\/strong><\/strong><\/strong><\/strong><\/strong><\/strong><\/strong><\/strong><\/strong><\/strong><\/strong><\/strong><\/strong><\/strong><\/strong><\/strong><\/h2>\n\n\n\n<p class=\"wp-block-paragraph\">Un projecte de disseny interior sostenible tamb\u00e9 pot contribuir a reduir l\u2019energia necess\u00e0ria per mantenir un habitatge confortable. L\u2019efici\u00e8ncia energ\u00e8tica dels edificis \u00e9s, de fet, un dels principals \u00e0mbits d\u2019actuaci\u00f3 de la pol\u00edtica energ\u00e8tica europea.<\/p>\n\n\n\n<p class=\"wp-block-paragraph\">I qu\u00e8 es pot fer des de l\u2019interiorisme?<\/p>\n<\/div><figure class=\"wp-block-media-text__media\"><img decoding=\"async\" width=\"1135\" height=\"605\" src=\"https:\/\/www.vbisogno.com\/wp-content\/uploads\/2026\/08\/estilo-ecologico-diseno-de-interiores-1135x605.jpg\" alt=\"estilo ecologico disen\u0303o de interiores\" class=\"wp-image-14873 size-full\" style=\"object-position:50% 50%\"\/><\/figure><\/div>\n\n\n\t<\/div>\n<\/div>\n\n\n<div\nstyle=\"padding-top:var(--wp--preset--spacing--40);padding-bottom:var(--wp--preset--spacing--40)\" class=\"xsd-container align wp-block-xsd-container\" id=\"xsd-container-6\">\n\t<div class=\"wrapper wrapper--normal\">\n\t\t\n\n<div class=\"wp-block-media-text is-stacked-on-mobile is-image-fill-element\"><figure class=\"wp-block-media-text__media\"><img decoding=\"async\" width=\"1135\" height=\"605\" src=\"https:\/\/www.vbisogno.com\/wp-content\/uploads\/2026\/08\/interiores-sostenibles-1135x605.jpg\" alt=\"interiores sostenibles\" class=\"wp-image-14874 size-full\" style=\"object-position:13% 48%\"\/><\/figure><div class=\"wp-block-media-text__content\">\n<h3 class=\"wp-block-heading\"><strong>Aprofitar la llum natural<\/strong><\/h3>\n\n\n\n<p class=\"wp-block-paragraph\">La distribuci\u00f3 t\u00e9 una enorme influ\u00e8ncia sobre la quantitat de llum que arriba a cada espai.<\/p>\n\n\n\n<p class=\"wp-block-paragraph\">Evitar obstacles innecessaris, utilitzar tancaments de vidre quan siguin adequats o connectar visualment diferents estances pot permetre que la llum arribi a les zones interiors de l\u2019habitatge durant m\u00e9s hores.<\/p>\n\n\n\n<h3 class=\"wp-block-heading\"><strong>Dissenyar tenint en compte l\u2019orientaci\u00f3<\/strong><\/h3>\n\n\n\n<p class=\"wp-block-paragraph\">No totes les habitacions reben la mateixa radiaci\u00f3 solar ni tenen les mateixes necessitats.<\/p>\n\n\n\n<p class=\"wp-block-paragraph\">Estudiar l\u2019orientaci\u00f3 de l\u2019habitatge ajuda a decidir on situar determinats usos i com treballar amb cortines, persianes, proteccions solars o diferents tipus de tancaments per controlar l\u2019entrada de calor i de llum segons cada \u00e8poca de l\u2019any.<\/p>\n\n\n\n<div style=\"height:20px\" aria-hidden=\"true\" class=\"wp-block-spacer\"><\/div>\n<\/div><\/div>\n\n\n\t<\/div>\n<\/div>\n\n\n<div\nstyle=\"padding-top:var(--wp--preset--spacing--40);padding-bottom:var(--wp--preset--spacing--40)\" class=\"xsd-container align wp-block-xsd-container\" id=\"xsd-container-7\">\n\t<div class=\"wrapper wrapper--normal\">\n\t\t\n\n<div class=\"wp-block-media-text has-media-on-the-right is-stacked-on-mobile is-image-fill-element\"><div class=\"wp-block-media-text__content\">\n<h3 class=\"wp-block-heading\"><strong>Triar una il\u00b7luminaci\u00f3 eficient<\/strong><\/h3>\n\n\n\n<p class=\"wp-block-paragraph\">Una planificaci\u00f3 correcta permet evitar punts de llum innecessaris i combinar il\u00b7luminaci\u00f3 general, ambiental i funcional.<\/p>\n\n\n\n<p class=\"wp-block-paragraph\">Les llumin\u00e0ries LED i els sistemes de regulaci\u00f3 o detecci\u00f3 poden ajudar a adaptar el consum a les necessitats reals de cada estan\u00e7a.<\/p>\n\n\n\n<h3 class=\"wp-block-heading\"><strong>Millorar el confort t\u00e8rmic<\/strong><\/h3>\n\n\n\n<p class=\"wp-block-paragraph\">Cortines, catifes, revestiments, fusteries o solucions d\u2019a\u00efllament poden influir en la sensaci\u00f3 t\u00e8rmica de l\u2019espai.<\/p>\n\n\n\n<p class=\"wp-block-paragraph\">En una reforma integral, estudiar conjuntament l\u2019a\u00efllament, els tancaments, la climatitzaci\u00f3 i la distribuci\u00f3 permet prendre decisions molt m\u00e9s eficaces que abordar cada element de manera independent.<\/p>\n\n\n\n<div style=\"height:20px\" aria-hidden=\"true\" class=\"wp-block-spacer\"><\/div>\n<\/div><figure class=\"wp-block-media-text__media\"><img decoding=\"async\" width=\"1135\" height=\"605\" src=\"https:\/\/www.vbisogno.com\/wp-content\/uploads\/2026\/08\/interiorismo-ecologico-1135x605.jpg\" alt=\"disseny d\u2019interiors ecol\u00f2gic\" class=\"wp-image-14875 size-full\" style=\"object-position:72% 48%\"\/><\/figure><\/div>\n\n\n\t<\/div>\n<\/div>\n\n\n<div\nstyle=\"padding-top:var(--wp--preset--spacing--40);padding-bottom:var(--wp--preset--spacing--40)\" class=\"xsd-container align wp-block-xsd-container\" id=\"xsd-container-8\">\n\t<div class=\"wrapper wrapper--normal\">\n\t\t\n\n<div class=\"wp-block-media-text is-stacked-on-mobile is-image-fill-element\"><figure class=\"wp-block-media-text__media\"><img decoding=\"async\" width=\"1135\" height=\"605\" src=\"https:\/\/www.vbisogno.com\/wp-content\/uploads\/2026\/08\/interiorismo-sostenible-1-1135x605.jpg\" alt=\"\" class=\"wp-image-14876 size-full\" style=\"object-position:16% 45%\"\/><\/figure><div class=\"wp-block-media-text__content\">\n<h2 class=\"wp-block-heading\"><strong><strong><strong><strong><strong><strong><strong><strong><strong><strong><strong><strong><strong><strong><strong><strong><strong><strong><strong><strong><strong><strong><strong><strong><strong><strong><strong><strong><strong><strong><strong><strong><strong><strong><strong><strong>Interiorisme i salut: dissenyar espais que tamb\u00e9 tinguin cura de nosaltres<\/strong><\/strong><\/strong><\/strong><\/strong><\/strong><\/strong><\/strong><\/strong><\/strong><\/strong><\/strong><\/strong><\/strong><\/strong><\/strong><\/strong><\/strong><\/strong><\/strong><\/strong><\/strong><\/strong><\/strong><\/strong><\/strong><\/strong><\/strong><\/strong><\/strong><\/strong><\/strong><\/strong><\/strong><\/strong><\/strong><\/h2>\n\n\n\n<p class=\"wp-block-paragraph\">La sostenibilitat no acaba en el consum energ\u00e8tic. Un habitatge tamb\u00e9 ha de proporcionar unes condicions interiors adequades per a les persones que hi viuen.<\/p>\n\n\n\n<p class=\"wp-block-paragraph\">La normativa europea sobre efici\u00e8ncia energ\u00e8tica dels edificis incorpora actualment el concepte de qualitat ambiental interior, relacionat amb par\u00e0metres com la temperatura, la humitat, la ventilaci\u00f3 i la pres\u00e8ncia de contaminants.<\/p>\n\n\n\n<p class=\"wp-block-paragraph\">Per aix\u00f2, en un projecte de disseny d\u2019interiors ecol\u00f2gic tamb\u00e9 conv\u00e9 prestar atenci\u00f3 als acabats, les pintures, els adhesius, els mobles i els revestiments seleccionats.<\/p>\n\n\n\n<p class=\"wp-block-paragraph\">Alguns productes utilitzats en construcci\u00f3 i decoraci\u00f3 poden emetre compostos org\u00e0nics vol\u00e0tils. De fet, l\u2019<a href=\"https:\/\/www.who.int\/es\" target=\"_blank\" rel=\"noreferrer noopener\"><strong>Organitzaci\u00f3 Mundial de la Salut<\/strong><\/a> (OMS) identifica, per exemple, determinats taulers, adhesius i pintures entre les possibles fonts interiors de formaldehid.<\/p>\n\n\n\n<p class=\"wp-block-paragraph\">Per aix\u00f2, sempre que sigui possible, \u00e9s recomanable prioritzar productes amb baixes emissions i combinar-ne l\u2019elecci\u00f3 amb una ventilaci\u00f3 correcta de l\u2019espai.<\/p>\n\n\n\n<p class=\"wp-block-paragraph\">Per\u00f2 el benestar interior tamb\u00e9 dep\u00e8n d\u2019altres factors: una bona il\u00b7luminaci\u00f3, el confort ac\u00fastic, una temperatura adequada o una distribuci\u00f3 que faciliti les activitats di\u00e0ries.<\/p>\n<\/div><\/div>\n\n\n\t<\/div>\n<\/div>\n\n\n<div\nstyle=\"padding-top:var(--wp--preset--spacing--40);padding-bottom:var(--wp--preset--spacing--40)\" class=\"xsd-container align wp-block-xsd-container\" id=\"xsd-container-9\">\n\t<div class=\"wrapper wrapper--normal\">\n\t\t\n\n<div class=\"wp-block-media-text has-media-on-the-right is-stacked-on-mobile is-image-fill-element\"><div class=\"wp-block-media-text__content\">\n<h2 class=\"wp-block-heading\"><strong><strong><strong><strong><strong><strong><strong><strong><strong><strong><strong><strong><strong><strong><strong><strong><strong><strong><strong><strong><strong><strong><strong><strong><strong><strong><strong><strong><strong><strong><strong><strong><strong><strong><strong><strong><strong>Com aplicar un estil ecol\u00f2gic al disseny d\u2019interiors?<\/strong><\/strong><\/strong><\/strong><\/strong><\/strong><\/strong><\/strong><\/strong><\/strong><\/strong><\/strong><\/strong><\/strong><\/strong><\/strong><\/strong><\/strong><\/strong><\/strong><\/strong><\/strong><\/strong><\/strong><\/strong><\/strong><\/strong><\/strong><\/strong><\/strong><\/strong><\/strong><\/strong><\/strong><\/strong><\/strong><\/strong><\/h2>\n\n\n\n<p class=\"wp-block-paragraph\">No cal transformar completament un habitatge per comen\u00e7ar a aplicar criteris de sostenibilitat. Algunes decisions es poden incorporar progressivament, com ara:<\/p>\n\n\n\n<ol class=\"wp-block-list\">\n<li><strong>Prioritzar el benestar<\/strong><\/li>\n<\/ol>\n\n\n\n<p class=\"wp-block-paragraph\">Materials, il\u00b7luminaci\u00f3, ac\u00fastica i confort t\u00e8rmic han de treballar conjuntament.<\/p>\n\n\n\n<ol start=\"2\" class=\"wp-block-list\">\n<li><strong>Comprar menys i millor<\/strong><\/li>\n<\/ol>\n\n\n\n<p class=\"wp-block-paragraph\">Prioritzar peces duradores evita haver de substituir constantment elements de l\u2019habitatge.<\/p>\n\n\n\n<ol start=\"3\" class=\"wp-block-list\">\n<li><strong>Dissenyar espais flexibles<\/strong><\/li>\n<\/ol>\n\n\n\n<p class=\"wp-block-paragraph\">Una habitaci\u00f3 capa\u00e7 d\u2019adaptar-se a diferents usos pot evitar reformes futures.<\/p>\n\n\n\n<ol start=\"4\" class=\"wp-block-list\">\n<li><strong>Conservar abans de substituir<\/strong><\/li>\n<\/ol>\n\n\n\n<p class=\"wp-block-paragraph\">Un paviment, una porta o un moble de qualitat es poden restaurar i formar part del nou projecte.<\/p>\n\n\n\n<ol start=\"5\" class=\"wp-block-list\">\n<li><strong>Triar materials pensant en tot el seu cicle de vida<\/strong><\/li>\n<\/ol>\n\n\n\n<p class=\"wp-block-paragraph\">No nom\u00e9s importa la seva aparen\u00e7a, sin\u00f3 tamb\u00e9 la proced\u00e8ncia, el manteniment i la possibilitat de recuperar-los.<\/p>\n\n\n\n<ol start=\"6\" class=\"wp-block-list\">\n<li><strong>Aprofitar els recursos naturals de l\u2019habitatge<\/strong><\/li>\n<\/ol>\n\n\n\n<p class=\"wp-block-paragraph\">La llum, l\u2019orientaci\u00f3 i la ventilaci\u00f3 han de formar part de les decisions de distribuci\u00f3.<\/p>\n\n\n\n<p class=\"wp-block-paragraph\">La clau \u00e9s entendre l\u2019interiorisme sostenible com una manera de projectar i no simplement com una est\u00e8tica determinada.<\/p>\n<\/div><figure class=\"wp-block-media-text__media\"><img decoding=\"async\" width=\"1135\" height=\"605\" src=\"https:\/\/www.vbisogno.com\/wp-content\/uploads\/2026\/08\/interiorismos-sostenibles-1135x605.jpg\" alt=\"interiorisme sostenible\" class=\"wp-image-14877 size-full\" style=\"object-position:10% 69%\"\/><\/figure><\/div>\n\n\n\t<\/div>\n<\/div>\n\n\n<div\nstyle=\"padding-top:var(--wp--preset--spacing--40);padding-bottom:var(--wp--preset--spacing--40)\" class=\"xsd-container align wp-block-xsd-container\" id=\"xsd-container-10\">\n\t<div class=\"wrapper wrapper--normal\">\n\t\t\n\n<div class=\"wp-block-media-text is-stacked-on-mobile is-image-fill-element\"><figure class=\"wp-block-media-text__media\"><img decoding=\"async\" width=\"1135\" height=\"605\" src=\"https:\/\/www.vbisogno.com\/wp-content\/uploads\/2026\/08\/materiales-sostenibles-interiorismo-1135x605.jpg\" alt=\"\" class=\"wp-image-14878 size-full\" style=\"object-position:68% 53%\"\/><\/figure><div class=\"wp-block-media-text__content\">\n<h2 class=\"wp-block-heading\"><strong><strong><strong><strong><strong><strong><strong><strong><strong><strong><strong><strong><strong><strong><strong><strong><strong><strong><strong><strong><strong><strong><strong><strong><strong><strong><strong><strong><strong><strong><strong><strong><strong><strong><strong><strong><strong><strong>Sostenibilitat i disseny poden anar de la m\u00e0<\/strong><\/strong><\/strong><\/strong><\/strong><\/strong><\/strong><\/strong><\/strong><\/strong><\/strong><\/strong><\/strong><\/strong><\/strong><\/strong><\/strong><\/strong><\/strong><\/strong><\/strong><\/strong><\/strong><\/strong><\/strong><\/strong><\/strong><\/strong><\/strong><\/strong><\/strong><\/strong><\/strong><\/strong><\/strong><\/strong><\/strong><\/strong><\/h2>\n\n\n\n<p class=\"wp-block-paragraph\">Un habitatge sostenible no ha de tenir necess\u00e0riament un aspecte r\u00fastic, utilitzar \u00fanicament materials naturals ni respondre a una est\u00e8tica concreta. Pot ser contemporani, minimalista, mediterrani o cl\u00e0ssic.<\/p>\n\n\n\n<p class=\"wp-block-paragraph\">El m\u00e9s important \u00e9s que darrere de cada decisi\u00f3 hi hagi una reflexi\u00f3 sobre la funcionalitat, la durabilitat, el consum de recursos i el benestar de les persones que habiten l\u2019espai.<\/p>\n\n\n\n<p class=\"wp-block-paragraph\">A <a href=\"https:\/\/www.instagram.com\/vbisognostudio\/\" target=\"_blank\" rel=\"noreferrer noopener\"><strong>VBisogno<\/strong><\/a> entenem cada <a href=\"https:\/\/www.vbisogno.com\/ca\/projectes\/\" target=\"_blank\" rel=\"noreferrer noopener\"><strong>projecte d\u2019interiorisme<\/strong><\/a> com un conjunt. Estudiem la distribuci\u00f3, els materials, la il\u00b7luminaci\u00f3 i les necessitats reals de cada habitatge per crear espais que combinin est\u00e8tica, funcionalitat i confort.<\/p>\n\n\n\n<p class=\"wp-block-paragraph\">Est\u00e0s pensant a <a href=\"https:\/\/www.vbisogno.com\/ca\/\" target=\"_blank\" rel=\"noreferrer noopener\"><strong>reformar el teu habitatge a Barcelona<\/strong><\/a> i vols incorporar criteris d\u2019interiorisme sostenible al projecte? Podem ajudar-te a trobar solucions adaptades tant a l\u2019espai com a la teva manera de viure.<\/p>\n<\/div><\/div>\n\n\n\t<\/div>\n<\/div>\n\n\n<div\nstyle=\"padding-top:var(--wp--preset--spacing--40);padding-bottom:var(--wp--preset--spacing--40)\" class=\"xsd-container align wp-block-xsd-container\" id=\"xsd-container-11\">\n\t<div class=\"wrapper wrapper--normal\">\n\t\t\n\n<div class=\"wp-block-media-text has-media-on-the-right is-stacked-on-mobile is-image-fill-element\"><div class=\"wp-block-media-text__content\">\n<h2 class=\"wp-block-heading\"><strong><strong><strong><strong><strong><strong><strong><strong><strong><strong><strong><strong><strong><strong><strong><strong><strong><strong><strong><strong><strong><strong><strong><strong><strong><strong><strong><strong><strong><strong><strong><strong><strong><strong><strong><strong><strong><strong><strong><strong>FAQ sobre interiorisme sostenible<\/strong><\/strong><\/strong><\/strong><\/strong><\/strong><\/strong><\/strong><\/strong><\/strong><\/strong><\/strong><\/strong><\/strong><\/strong><\/strong><\/strong><\/strong><\/strong><\/strong><\/strong><\/strong><\/strong><\/strong><\/strong><\/strong><\/strong><\/strong><\/strong><\/strong><\/strong><\/strong><\/strong><\/strong><\/strong><\/strong><\/strong><\/strong><\/strong><\/strong><\/h2>\n\n\n\n<p class=\"wp-block-paragraph\"><strong>Quina difer\u00e8ncia hi ha entre interiorisme sostenible i interiorisme ecol\u00f2gic?<\/strong><\/p>\n\n\n\n<p class=\"wp-block-paragraph\">Tots dos conceptes se solen utilitzar de manera similar, tot i que l\u2019interiorisme sostenible t\u00e9 una visi\u00f3 especialment \u00e0mplia. A m\u00e9s de l\u2019impacte ambiental dels materials, t\u00e9 en compte q\u00fcestions com la durabilitat, l\u2019efici\u00e8ncia energ\u00e8tica, la reutilitzaci\u00f3 de recursos i el benestar de les persones.<\/p>\n\n\n\n<p class=\"wp-block-paragraph\"><strong>Quins materials s\u00f3n m\u00e9s sostenibles per a un habitatge?<\/strong><\/p>\n\n\n\n<p class=\"wp-block-paragraph\">La fusta certificada o recuperada, el suro, determinats materials reciclats, les fibres naturals i els productes locals poden ser bones opcions. Tanmateix, cal estudiar cada cas tenint en compte la seva proced\u00e8ncia, fabricaci\u00f3, transport, durabilitat i possibilitats de reutilitzaci\u00f3.<\/p>\n\n\n\n<p class=\"wp-block-paragraph\"><strong>L\u2019interiorisme sostenible \u00e9s m\u00e9s car?<\/strong><\/p>\n\n\n\n<p class=\"wp-block-paragraph\">No necess\u00e0riament. Alguns materials o solucions poden requerir una inversi\u00f3 inicial m\u00e9s elevada, mentre que altres estrat\u00e8gies consisteixen precisament a conservar elements existents, reduir intervencions innecess\u00e0ries o escollir productes amb una vida \u00fatil m\u00e9s llarga.<\/p>\n\n\n\n<p class=\"wp-block-paragraph\"><strong>Com pot l\u2019interiorisme millorar l\u2019efici\u00e8ncia energ\u00e8tica?<\/strong><\/p>\n\n\n\n<p class=\"wp-block-paragraph\">La distribuci\u00f3 dels espais, l\u2019aprofitament de la il\u00b7luminaci\u00f3 natural, la protecci\u00f3 davant de la radiaci\u00f3 solar, l\u2019elecci\u00f3 d\u2019una il\u00b7luminaci\u00f3 eficient i determinades millores en l\u2019a\u00efllament i els tancaments poden contribuir a reduir les necessitats energ\u00e8tiques d\u2019un habitatge.<\/p>\n\n\n\n<p class=\"wp-block-paragraph\"><strong>Es pot aplicar el disseny sostenible en un habitatge ja constru\u00eft?<\/strong><\/p>\n\n\n\n<p class=\"wp-block-paragraph\">S\u00ed. De fet, reformar i aprofitar part dels elements existents pot ser una oportunitat per aplicar principis d\u2019economia circular. Es poden conservar materials, millorar l\u2019efici\u00e8ncia energ\u00e8tica, introduir acabats de baixes emissions i adaptar la distribuci\u00f3 sense necessitat de substituir tots els elements de l\u2019habitatge.<\/p>\n<\/div><figure class=\"wp-block-media-text__media\"><img decoding=\"async\" width=\"1135\" height=\"605\" src=\"https:\/\/www.vbisogno.com\/wp-content\/uploads\/2026\/08\/sostenibilidad-en-interiorismo-1135x605.jpg\" alt=\"sostenibilitat en interiorisme\" class=\"wp-image-14879 size-full\" style=\"object-position:89% 54%\"\/><\/figure><\/div>\n\n\n\t<\/div>\n<\/div>\n","protected":false},"excerpt":{"rendered":"","protected":false},"author":1,"featured_media":14885,"comment_status":"open","ping_status":"closed","sticky":false,"template":"","format":"standard","meta":{"_acf_changed":false,"_joinchat":[],"footnotes":""},"categories":[1],"tags":[],"class_list":["post-14883","post","type-post","status-publish","format-standard","has-post-thumbnail","hentry","category-sin-categoria"],"acf":[],"yoast_head":"<!-- This site is optimized with the Yoast SEO plugin v27.7 - https:\/\/yoast.com\/product\/yoast-seo-wordpress\/ -->\n<title>Interiorisme sostenible: materials i claus de disseny - VBISOGNO<\/title>\n<meta name=\"description\" content=\"Qu\u00e8 \u00e9s l&#039;interiorisme sostenible, quins materials ecol\u00f2gics s&#039;utilitzen i com aplicar criteris d&#039;efici\u00e8ncia energ\u00e8tica i salut en el teu habitatge.\" \/>\n<meta name=\"robots\" content=\"index, follow, max-snippet:-1, max-image-preview:large, max-video-preview:-1\" \/>\n<link rel=\"canonical\" href=\"https:\/\/www.vbisogno.com\/ca\/blog\/interiorismo-sostenible-materiales-claves\/\" \/>\n<meta property=\"og:locale\" content=\"ca_ES\" \/>\n<meta property=\"og:type\" content=\"article\" \/>\n<meta property=\"og:title\" content=\"Interiorisme sostenible: materials i claus de disseny - VBISOGNO\" \/>\n<meta property=\"og:description\" content=\"Qu\u00e8 \u00e9s l&#039;interiorisme sostenible, quins materials ecol\u00f2gics s&#039;utilitzen i com aplicar criteris d&#039;efici\u00e8ncia energ\u00e8tica i salut en el teu habitatge.\" \/>\n<meta property=\"og:url\" content=\"https:\/\/www.vbisogno.com\/ca\/blog\/interiorismo-sostenible-materiales-claves\/\" \/>\n<meta property=\"og:site_name\" content=\"VBISOGNO\" \/>\n<meta property=\"article:publisher\" content=\"https:\/\/facebook.com\/vbisognostudio\" \/>\n<meta property=\"article:published_time\" content=\"2026-09-01T12:45:48+00:00\" \/>\n<meta property=\"article:modified_time\" content=\"2026-09-01T12:56:08+00:00\" \/>\n<meta property=\"og:image\" content=\"https:\/\/www.vbisogno.com\/wp-content\/uploads\/2026\/08\/diseno-de-interiores-ecologico.jpg\" \/>\n\t<meta property=\"og:image:width\" content=\"1448\" \/>\n\t<meta property=\"og:image:height\" content=\"1086\" \/>\n\t<meta property=\"og:image:type\" content=\"image\/jpeg\" \/>\n<meta name=\"author\" content=\"Vbisogno Studio\" \/>\n<meta name=\"twitter:card\" content=\"summary_large_image\" \/>\n<meta name=\"twitter:label1\" content=\"Escrit per\" \/>\n\t<meta name=\"twitter:data1\" content=\"Vbisogno Studio\" \/>\n\t<meta name=\"twitter:label2\" content=\"Temps estimat de lectura\" \/>\n\t<meta name=\"twitter:data2\" content=\"10 minuts\" \/>\n<!-- \/ Yoast SEO plugin. -->","yoast_head_json":{"title":"Interiorisme sostenible: materials i claus de disseny - VBISOGNO","description":"Qu\u00e8 \u00e9s l'interiorisme sostenible, quins materials ecol\u00f2gics s'utilitzen i com aplicar criteris d'efici\u00e8ncia energ\u00e8tica i salut en el teu habitatge.","robots":{"index":"index","follow":"follow","max-snippet":"max-snippet:-1","max-image-preview":"max-image-preview:large","max-video-preview":"max-video-preview:-1"},"canonical":"https:\/\/www.vbisogno.com\/ca\/blog\/interiorismo-sostenible-materiales-claves\/","og_locale":"ca_ES","og_type":"article","og_title":"Interiorisme sostenible: materials i claus de disseny - VBISOGNO","og_description":"Qu\u00e8 \u00e9s l'interiorisme sostenible, quins materials ecol\u00f2gics s'utilitzen i com aplicar criteris d'efici\u00e8ncia energ\u00e8tica i salut en el teu habitatge.","og_url":"https:\/\/www.vbisogno.com\/ca\/blog\/interiorismo-sostenible-materiales-claves\/","og_site_name":"VBISOGNO","article_publisher":"https:\/\/facebook.com\/vbisognostudio","article_published_time":"2026-09-01T12:45:48+00:00","article_modified_time":"2026-09-01T12:56:08+00:00","og_image":[{"width":1448,"height":1086,"url":"https:\/\/www.vbisogno.com\/wp-content\/uploads\/2026\/08\/diseno-de-interiores-ecologico.jpg","type":"image\/jpeg"}],"author":"Vbisogno Studio","twitter_card":"summary_large_image","twitter_misc":{"Escrit per":"Vbisogno Studio","Temps estimat de lectura":"10 minuts"},"schema":{"@context":"https:\/\/schema.org","@graph":[{"@type":"Article","@id":"https:\/\/www.vbisogno.com\/ca\/blog\/interiorismo-sostenible-materiales-claves\/#article","isPartOf":{"@id":"https:\/\/www.vbisogno.com\/ca\/blog\/interiorismo-sostenible-materiales-claves\/"},"author":{"name":"Vbisogno Studio","@id":"https:\/\/www.vbisogno.com\/ca\/#\/schema\/person\/6d1cbfcc62ba2826e204e503d46ec7dd"},"headline":"Interiorisme sostenible: materials i claus de disseny","datePublished":"2026-09-01T12:45:48+00:00","dateModified":"2026-09-01T12:56:08+00:00","mainEntityOfPage":{"@id":"https:\/\/www.vbisogno.com\/ca\/blog\/interiorismo-sostenible-materiales-claves\/"},"wordCount":1700,"commentCount":0,"publisher":{"@id":"https:\/\/www.vbisogno.com\/ca\/#organization"},"image":{"@id":"https:\/\/www.vbisogno.com\/ca\/blog\/interiorismo-sostenible-materiales-claves\/#primaryimage"},"thumbnailUrl":"https:\/\/www.vbisogno.com\/wp-content\/uploads\/2026\/08\/diseno-de-interiores-ecologico.jpg","articleSection":["Sin categor\u00eda"],"inLanguage":"ca","potentialAction":[{"@type":"CommentAction","name":"Comment","target":["https:\/\/www.vbisogno.com\/ca\/blog\/interiorismo-sostenible-materiales-claves\/#respond"]}]},{"@type":"WebPage","@id":"https:\/\/www.vbisogno.com\/ca\/blog\/interiorismo-sostenible-materiales-claves\/","url":"https:\/\/www.vbisogno.com\/ca\/blog\/interiorismo-sostenible-materiales-claves\/","name":"Interiorisme sostenible: materials i claus de disseny - VBISOGNO","isPartOf":{"@id":"https:\/\/www.vbisogno.com\/ca\/#website"},"primaryImageOfPage":{"@id":"https:\/\/www.vbisogno.com\/ca\/blog\/interiorismo-sostenible-materiales-claves\/#primaryimage"},"image":{"@id":"https:\/\/www.vbisogno.com\/ca\/blog\/interiorismo-sostenible-materiales-claves\/#primaryimage"},"thumbnailUrl":"https:\/\/www.vbisogno.com\/wp-content\/uploads\/2026\/08\/diseno-de-interiores-ecologico.jpg","datePublished":"2026-09-01T12:45:48+00:00","dateModified":"2026-09-01T12:56:08+00:00","description":"Qu\u00e8 \u00e9s l'interiorisme sostenible, quins materials ecol\u00f2gics s'utilitzen i com aplicar criteris d'efici\u00e8ncia energ\u00e8tica i salut en el teu habitatge.","breadcrumb":{"@id":"https:\/\/www.vbisogno.com\/ca\/blog\/interiorismo-sostenible-materiales-claves\/#breadcrumb"},"inLanguage":"ca","potentialAction":[{"@type":"ReadAction","target":["https:\/\/www.vbisogno.com\/ca\/blog\/interiorismo-sostenible-materiales-claves\/"]}]},{"@type":"ImageObject","inLanguage":"ca","@id":"https:\/\/www.vbisogno.com\/ca\/blog\/interiorismo-sostenible-materiales-claves\/#primaryimage","url":"https:\/\/www.vbisogno.com\/wp-content\/uploads\/2026\/08\/diseno-de-interiores-ecologico.jpg","contentUrl":"https:\/\/www.vbisogno.com\/wp-content\/uploads\/2026\/08\/diseno-de-interiores-ecologico.jpg","width":1448,"height":1086,"caption":"disen\u0303o de interiores ecolo\u0301gico"},{"@type":"BreadcrumbList","@id":"https:\/\/www.vbisogno.com\/ca\/blog\/interiorismo-sostenible-materiales-claves\/#breadcrumb","itemListElement":[{"@type":"ListItem","position":1,"name":"Home","item":"https:\/\/www.vbisogno.com\/ca\/"},{"@type":"ListItem","position":2,"name":"Interiorisme sostenible: materials i claus de disseny"}]},{"@type":"WebSite","@id":"https:\/\/www.vbisogno.com\/ca\/#website","url":"https:\/\/www.vbisogno.com\/ca\/","name":"Vbisogno","description":"","publisher":{"@id":"https:\/\/www.vbisogno.com\/ca\/#organization"},"alternateName":"Vbisogno","potentialAction":[{"@type":"SearchAction","target":{"@type":"EntryPoint","urlTemplate":"https:\/\/www.vbisogno.com\/ca\/?s={search_term_string}"},"query-input":{"@type":"PropertyValueSpecification","valueRequired":true,"valueName":"search_term_string"}}],"inLanguage":"ca"},{"@type":"Organization","@id":"https:\/\/www.vbisogno.com\/ca\/#organization","name":"Vbisogno","alternateName":"Vbisogno","url":"https:\/\/www.vbisogno.com\/ca\/","logo":{"@type":"ImageObject","inLanguage":"ca","@id":"https:\/\/www.vbisogno.com\/ca\/#\/schema\/logo\/image\/","url":"https:\/\/www.vbisogno.com\/wp-content\/uploads\/2023\/11\/vbisogno-horizontal.svg","contentUrl":"https:\/\/www.vbisogno.com\/wp-content\/uploads\/2023\/11\/vbisogno-horizontal.svg","width":176,"height":47,"caption":"Vbisogno"},"image":{"@id":"https:\/\/www.vbisogno.com\/ca\/#\/schema\/logo\/image\/"},"sameAs":["https:\/\/facebook.com\/vbisognostudio","http:\/\/instagram.com\/vbisognostudio"]},{"@type":"Person","@id":"https:\/\/www.vbisogno.com\/ca\/#\/schema\/person\/6d1cbfcc62ba2826e204e503d46ec7dd","name":"Vbisogno Studio","image":{"@type":"ImageObject","inLanguage":"ca","@id":"https:\/\/secure.gravatar.com\/avatar\/9edb1b7bbd9ba511389bd1856aeea098c1ff53d7b48dd496ae7d023548c86178?s=96&d=mm&r=g","url":"https:\/\/secure.gravatar.com\/avatar\/9edb1b7bbd9ba511389bd1856aeea098c1ff53d7b48dd496ae7d023548c86178?s=96&d=mm&r=g","contentUrl":"https:\/\/secure.gravatar.com\/avatar\/9edb1b7bbd9ba511389bd1856aeea098c1ff53d7b48dd496ae7d023548c86178?s=96&d=mm&r=g","caption":"Vbisogno Studio"},"sameAs":["http:\/\/www.vbisogno.com.local"]}]}},"_links":{"self":[{"href":"https:\/\/www.vbisogno.com\/ca\/wp-json\/wp\/v2\/posts\/14883","targetHints":{"allow":["GET"]}}],"collection":[{"href":"https:\/\/www.vbisogno.com\/ca\/wp-json\/wp\/v2\/posts"}],"about":[{"href":"https:\/\/www.vbisogno.com\/ca\/wp-json\/wp\/v2\/types\/post"}],"author":[{"embeddable":true,"href":"https:\/\/www.vbisogno.com\/ca\/wp-json\/wp\/v2\/users\/1"}],"replies":[{"embeddable":true,"href":"https:\/\/www.vbisogno.com\/ca\/wp-json\/wp\/v2\/comments?post=14883"}],"version-history":[{"count":1,"href":"https:\/\/www.vbisogno.com\/ca\/wp-json\/wp\/v2\/posts\/14883\/revisions"}],"predecessor-version":[{"id":14897,"href":"https:\/\/www.vbisogno.com\/ca\/wp-json\/wp\/v2\/posts\/14883\/revisions\/14897"}],"wp:featuredmedia":[{"embeddable":true,"href":"https:\/\/www.vbisogno.com\/ca\/wp-json\/wp\/v2\/media\/14885"}],"wp:attachment":[{"href":"https:\/\/www.vbisogno.com\/ca\/wp-json\/wp\/v2\/media?parent=14883"}],"wp:term":[{"taxonomy":"category","embeddable":true,"href":"https:\/\/www.vbisogno.com\/ca\/wp-json\/wp\/v2\/categories?post=14883"},{"taxonomy":"post_tag","embeddable":true,"href":"https:\/\/www.vbisogno.com\/ca\/wp-json\/wp\/v2\/tags?post=14883"}],"curies":[{"name":"wp","href":"https:\/\/api.w.org\/{rel}","templated":true}]}}