{"id":14854,"date":"2026-08-18T11:00:56","date_gmt":"2026-08-18T09:00:56","guid":{"rendered":"https:\/\/www.vbisogno.com\/blog\/ideas-separar-ambientes-sin-perder-luz-espacio\/"},"modified":"2026-08-18T11:12:24","modified_gmt":"2026-08-18T09:12:24","slug":"idees-separar-ambients-sense-perdre-llum-espai","status":"publish","type":"post","link":"https:\/\/www.vbisogno.com\/ca\/blog\/ideas-separar-ambientes-sin-perder-luz-espacio\/","title":{"rendered":"Idees per separar ambients sense perdre llum ni espai"},"content":{"rendered":"<div\nclass=\"xsd-cover skip-lazy dark-bg xsd-cover--image aligncenter wp-block-xsd-cover wp-block-xsd-cover-\">\n\t<img decoding=\"async\" width=\"1456\" height=\"816\" src=\"https:\/\/www.vbisogno.com\/wp-content\/uploads\/2026\/08\/u2298755331_Photorealistic_interior_of_a_stylish_living_room__ba642bce-1a36-4557-b48c-50fe5781499d_1.jpg\" class=\"xsd-cover__image\" alt=\"ideas para separar ambientes\" \/>\t<div class=\"xsd-cover__overlay\"><\/div>\n\t<div class=\"xsd-cover__content\">\n\t\t\n<div\nclass=\"xsd-container align wp-block-xsd-container\" id=\"xsd-container-1\">\n\t<div class=\"wrapper wrapper--small\">\n\t\t\n\n<h1 class=\"wp-block-heading has-text-align-center has-background-color has-text-color has-link-color wp-elements-1\"><strong><strong><strong><strong><strong><strong><strong><strong><strong><strong><strong><strong><strong><strong><strong><strong><strong><strong><strong><strong><strong><strong><strong><strong><strong><strong><strong><strong><strong><strong><strong><strong><strong><strong><strong>Idees per separar ambients sense perdre llum ni espai<\/strong><\/strong><\/strong><\/strong><\/strong><\/strong><\/strong><\/strong><\/strong><\/strong><\/strong><\/strong><\/strong><\/strong><\/strong><\/strong><\/strong><\/strong><\/strong><\/strong><\/strong><\/strong><\/strong><\/strong><\/strong><\/strong><\/strong><\/strong><\/strong><\/strong><\/strong><\/strong><\/strong><\/strong><\/strong><\/h1>\n\n\n\n<div\n\tclass=\"autor-fecha vbisogno-autor-fecha wp-block-vbisogno-autor-fecha\" id=\"block_1efa2465e93784ab4cb3e70ec7ec3d2e\">\n\t<span class=\"blogs-autor\">AUTOR: VBISOGNO STUDIO<\/span>\n\t&nbsp;&nbsp;\n\t<span class=\"blogs-fecha\">FECHA: 18\/08\/2026<\/span>\n<\/div>\n\n\n\n<p class=\"wp-block-paragraph\">Hi ha moltes <strong>idees per separar ambients<\/strong> que permeten organitzar millor un habitatge sense haver de rec\u00f3rrer a grans obres.<\/p>\n\n\n\t<\/div>\n<\/div>\n\n\n\t<\/div>\n<\/div>\n\n\n<div\nstyle=\"padding-top:var(--wp--preset--spacing--50);padding-bottom:var(--wp--preset--spacing--50)\" class=\"xsd-container align wp-block-xsd-container\" id=\"xsd-container-2\">\n\t<div class=\"wrapper wrapper--normal\">\n\t\t\n\n<p class=\"wp-block-paragraph\">Separar espais no sempre significa aixecar parets. De fet, en molts habitatges actuals interessa precisament el contrari: mantenir la sensaci\u00f3 d\u2019amplitud, afavorir el pas de la llum natural i aconseguir que cada zona tingui una funci\u00f3 ben definida.<\/p>\n\n\n\n<p class=\"wp-block-paragraph\">Hi ha moltes <strong>idees per separar ambients<\/strong> que permeten organitzar millor un habitatge sense haver de rec\u00f3rrer a grans obres. Des de tancaments de vidre fins a mobles, llistons de fusta o canvis en els materials, cada soluci\u00f3 es pot adaptar a l\u2019estil, les dimensions i les necessitats de cada espai.<\/p>\n\n\n\t<\/div>\n<\/div>\n\n\n<div\nstyle=\"padding-top:var(--wp--preset--spacing--60);padding-bottom:var(--wp--preset--spacing--60)\" class=\"xsd-container align wp-block-xsd-container\" id=\"xsd-container-3\">\n\t<div class=\"wrapper wrapper--normal\">\n\t\t\n\n<div class=\"wp-block-media-text has-media-on-the-right is-stacked-on-mobile is-image-fill-element\"><div class=\"wp-block-media-text__content\">\n<h2 class=\"wp-block-heading\"><strong><strong><strong><strong><strong><strong><strong><strong><strong><strong><strong><strong><strong><strong><strong><strong><strong><strong><strong><strong><strong><strong><strong><strong><strong><strong><strong><strong><strong><strong><strong><strong><strong><strong><strong><strong><strong><strong>Com separar ambients sense parets?<\/strong><\/strong><\/strong><\/strong><\/strong><\/strong><\/strong><\/strong><\/strong><\/strong><\/strong><\/strong><\/strong><\/strong><\/strong><\/strong><\/strong><\/strong><\/strong><\/strong><\/strong><\/strong><\/strong><\/strong><\/strong><\/strong><\/strong><\/strong><\/strong><\/strong><\/strong><\/strong><\/strong><\/strong><\/strong><\/strong><\/strong><\/strong><\/h2>\n\n\n\n<p class=\"wp-block-paragraph\">Quan volem diferenciar dos usos dins d\u2019una mateixa estan\u00e7a, una paret tradicional pot resultar massa contundent. Especialment en habitatges petits o espais amb poques entrades de llum, hi ha alternatives molt m\u00e9s lleugeres.<\/p>\n\n\n\n<p class=\"wp-block-paragraph\">Algunes de les solucions m\u00e9s utilitzades per <strong>dividir ambients sense paret<\/strong> s\u00f3n:<\/p>\n\n\n\n<ul class=\"wp-block-list\">\n<li>Prestatgeries obertes.<\/li>\n\n\n\n<li>Mobles dissenyats a mida.<\/li>\n\n\n\n<li>Llistons verticals de fusta.<\/li>\n\n\n\n<li>Cortines o panells corredissos.<\/li>\n\n\n\n<li>Tancaments o portes de vidre.<\/li>\n\n\n\n<li>Canvis de paviment o revestiment.<\/li>\n\n\n\n<li>Diferents colors o acabats a les parets.<\/li>\n\n\n\n<li>Elements decoratius que delimiten visualment cada zona.<\/li>\n<\/ul>\n\n\n\n<p class=\"wp-block-paragraph\">La clau no consisteix \u00fanicament a col\u00b7locar un separador, sin\u00f3 a aconseguir que les diferents \u00e0rees mantinguin una relaci\u00f3 visual entre elles.<\/p>\n<\/div><figure class=\"wp-block-media-text__media\"><img decoding=\"async\" width=\"1135\" height=\"605\" src=\"https:\/\/www.vbisogno.com\/wp-content\/uploads\/2026\/08\/u2298755331_Photorealistic_small_modern_apartment_cleverly_di_37f6615f-caae-4ee4-ad24-63194137bfac_2-1135x605.jpg\" alt=\"ideas para dividir una habitaci\u00f3n\" class=\"wp-image-14852 size-full\" style=\"object-position:50% 50%\"\/><\/figure><\/div>\n\n\n\t<\/div>\n<\/div>\n\n\n<div\nstyle=\"padding-top:var(--wp--preset--spacing--40);padding-bottom:var(--wp--preset--spacing--40)\" class=\"xsd-container align wp-block-xsd-container\" id=\"xsd-container-4\">\n\t<div class=\"wrapper wrapper--normal\">\n\t\t\n\n<div class=\"wp-block-media-text is-stacked-on-mobile is-image-fill-element\"><figure class=\"wp-block-media-text__media\"><img decoding=\"async\" width=\"1135\" height=\"605\" src=\"https:\/\/www.vbisogno.com\/wp-content\/uploads\/2026\/08\/u2298755331_Photorealistic_small_modern_apartment_cleverly_di_37f6615f-caae-4ee4-ad24-63194137bfac_1-1135x605.jpg\" alt=\"dividir ambientes sin pared\" class=\"wp-image-14851 size-full\" style=\"object-position:50% 50%\"\/><\/figure><div class=\"wp-block-media-text__content\">\n<h2 class=\"wp-block-heading\"><strong><strong><strong><strong><strong><strong><strong><strong><strong><strong><strong><strong><strong><strong><strong><strong><strong><strong><strong><strong><strong><strong><strong><strong><strong><strong><strong><strong><strong><strong><strong><strong><strong><strong><strong><strong><strong>Idees per separar cuina i sal\u00f3<\/strong><\/strong><\/strong><\/strong><\/strong><\/strong><\/strong><\/strong><\/strong><\/strong><\/strong><\/strong><\/strong><\/strong><\/strong><\/strong><\/strong><\/strong><\/strong><\/strong><\/strong><\/strong><\/strong><\/strong><\/strong><\/strong><\/strong><\/strong><\/strong><\/strong><\/strong><\/strong><\/strong><\/strong><\/strong><\/strong><\/strong><\/h2>\n\n\n\n<p class=\"wp-block-paragraph\">La cuina oberta s\u2019ha convertit en una distribuci\u00f3 habitual perqu\u00e8 afavoreix l\u2019amplitud i crea espais m\u00e9s socials. Ara b\u00e9, alguns habitatges necessiten una certa separaci\u00f3 entre totes dues zones.<\/p>\n\n\n\n<p class=\"wp-block-paragraph\">Si busquem <strong>com separar cuina i sal\u00f3 sense paret<\/strong>, una de les solucions m\u00e9s interessants \u00e9s instal\u00b7lar un tancament de vidre. Permet contenir parcialment les olors i els sorolls sense impedir que la llum travessi tota l\u2019estan\u00e7a.<\/p>\n\n\n\n<p class=\"wp-block-paragraph\">Tamb\u00e9 hi ha altres alternatives per <strong>separar cuina i sal\u00f3<\/strong>.<\/p>\n<\/div><\/div>\n\n\n\t<\/div>\n<\/div>\n\n\n<div\nstyle=\"padding-top:var(--wp--preset--spacing--40);padding-bottom:var(--wp--preset--spacing--40)\" class=\"xsd-container align wp-block-xsd-container\" id=\"xsd-container-5\">\n\t<div class=\"wrapper wrapper--normal\">\n\t\t\n\n<div class=\"wp-block-media-text has-media-on-the-right is-stacked-on-mobile is-image-fill-element\"><div class=\"wp-block-media-text__content\">\n<h2 class=\"wp-block-heading\"><strong><strong><strong><strong><strong><strong><strong><strong><strong><strong><strong><strong><strong><strong><strong><strong><strong><strong><strong><strong><strong><strong><strong><strong><strong><strong><strong><strong><strong><strong><strong><strong><strong><strong><strong><strong>Una illa o pen\u00ednsula com a element divisor<\/strong><\/strong><\/strong><\/strong><\/strong><\/strong><\/strong><\/strong><\/strong><\/strong><\/strong><\/strong><\/strong><\/strong><\/strong><\/strong><\/strong><\/strong><\/strong><\/strong><\/strong><\/strong><\/strong><\/strong><\/strong><\/strong><\/strong><\/strong><\/strong><\/strong><\/strong><\/strong><\/strong><\/strong><\/strong><\/strong><\/h2>\n\n\n\n<p class=\"wp-block-paragraph\">Una illa pot marcar clarament on acaba la cuina i on comen\u00e7a el sal\u00f3 o el menjador sense crear cap barrera visual. A m\u00e9s, aporta superf\u00edcie de treball, espai d\u2019emmagatzematge i fins i tot pot funcionar com a zona per esmorzar o fer \u00e0pats informals.<\/p>\n\n\n\n<h3 class=\"wp-block-heading\"><strong>Portes corredisses de vidre<\/strong><\/h3>\n\n\n\n<p class=\"wp-block-paragraph\">Permeten transformar l\u2019espai segons les necessitats de cada moment. Es poden mantenir obertes durant el dia i tancar la cuina quan s\u2019est\u00e0 cuinant.<\/p>\n\n\n\n<p class=\"wp-block-paragraph\">\u00c9s una bona opci\u00f3 per a qui vol combinar els avantatges d\u2019una cuina oberta amb els d\u2019una cuina independent.<\/p>\n\n\n\n<h3 class=\"wp-block-heading\"><strong>Diferenciar els materials<\/strong><\/h3>\n\n\n\n<p class=\"wp-block-paragraph\">Canviar el paviment, utilitzar un altre acabat a les parets o introduir un fals sostre pot ajudar a delimitar la cuina sense necessitat d\u2019instal\u00b7lar cap element f\u00edsic entre totes dues zones.<\/p>\n<\/div><figure class=\"wp-block-media-text__media\"><img decoding=\"async\" width=\"1135\" height=\"605\" src=\"https:\/\/www.vbisogno.com\/wp-content\/uploads\/2026\/08\/u2298755331_Photorealistic_modern_kitchen_and_living_room_sep_8043d7fc-bd05-4d28-ab82-575350be18f8_1-1135x605.jpg\" alt=\"como dividir un salon en dos habitaciones\" class=\"wp-image-14850 size-full\" style=\"object-position:50% 50%\"\/><\/figure><\/div>\n\n\n\t<\/div>\n<\/div>\n\n\n<div\nstyle=\"padding-top:var(--wp--preset--spacing--40);padding-bottom:var(--wp--preset--spacing--40)\" class=\"xsd-container align wp-block-xsd-container\" id=\"xsd-container-6\">\n\t<div class=\"wrapper wrapper--normal\">\n\t\t\n\n<div class=\"wp-block-media-text is-stacked-on-mobile is-image-fill-element\"><figure class=\"wp-block-media-text__media\"><img decoding=\"async\" width=\"1135\" height=\"605\" src=\"https:\/\/www.vbisogno.com\/wp-content\/uploads\/2026\/08\/u2298755331_Photorealistic_interior_of_a_stylish_living_room__ba642bce-1a36-4557-b48c-50fe5781499d_2-1135x605.jpg\" alt=\"como dividir un salon en dos habitaciones\" class=\"wp-image-14849 size-full\" style=\"object-position:50% 50%\"\/><\/figure><div class=\"wp-block-media-text__content\">\n<h2 class=\"wp-block-heading\"><strong><strong><strong><strong><strong><strong><strong><strong><strong><strong>Com dividir un sal\u00f3 en dos ambients?<\/strong><\/strong><\/strong><\/strong><\/strong><\/strong><\/strong><\/strong><\/strong><\/strong><\/h2>\n\n\n\n<p class=\"wp-block-paragraph\">Un mateix sal\u00f3 pot incloure diferents funcions: zona de descans, menjador, rac\u00f3 de lectura, espai de treball o fins i tot una petita zona de joc.<\/p>\n\n\n\n<p class=\"wp-block-paragraph\">Per <strong>dividir un sal\u00f3 en dos ambients<\/strong>, la mateixa distribuci\u00f3 del mobiliari pot ser suficient.<\/p>\n\n\n\n<p class=\"wp-block-paragraph\">Per exemple, col\u00b7locar el sof\u00e0 d\u2019esquena al menjador ajuda a definir tots dos espais de manera natural. Una catifa tamb\u00e9 pot delimitar visualment la zona d\u2019estar, mentre que una l\u00e0mpada suspesa sobre la taula refor\u00e7a l\u2019espai destinat al menjador.<\/p>\n\n\n\n<p class=\"wp-block-paragraph\">Les prestatgeries obertes s\u00f3n una altra alternativa especialment \u00fatil per <strong>separar ambients en un sal\u00f3<\/strong>, ja que permeten emmagatzemar i decorar sense bloquejar completament la visi\u00f3 ni l\u2019entrada de llum.<\/p>\n\n\n\n<div style=\"height:20px\" aria-hidden=\"true\" class=\"wp-block-spacer\"><\/div>\n<\/div><\/div>\n\n\n\t<\/div>\n<\/div>\n\n\n<div\nstyle=\"padding-top:var(--wp--preset--spacing--40);padding-bottom:var(--wp--preset--spacing--40)\" class=\"xsd-container align wp-block-xsd-container\" id=\"xsd-container-7\">\n\t<div class=\"wrapper wrapper--normal\">\n\t\t\n\n<div class=\"wp-block-media-text has-media-on-the-right is-stacked-on-mobile is-image-fill-element\"><div class=\"wp-block-media-text__content\">\n<h2 class=\"wp-block-heading\"><strong><strong><strong><strong><strong><strong><strong><strong><strong><strong><strong><strong><strong><strong><strong><strong><strong><strong><strong><strong><strong><strong><strong><strong><strong><strong><strong><strong><strong><strong><strong><strong><strong><strong><strong><strong><strong><strong>Separar sal\u00f3 i menjador sense perdre amplitud<\/strong><\/strong><\/strong><\/strong><\/strong><\/strong><\/strong><\/strong><\/strong><\/strong><\/strong><\/strong><\/strong><\/strong><\/strong><\/strong><\/strong><\/strong><\/strong><\/strong><\/strong><\/strong><\/strong><\/strong><\/strong><\/strong><\/strong><\/strong><\/strong><\/strong><\/strong><\/strong><\/strong><\/strong><\/strong><\/strong><\/strong><\/strong><\/h2>\n\n\n\n<p class=\"wp-block-paragraph\">Cuando sal\u00f3n y comedor comparten una misma estancia, no siempre es necesario iQuan el sal\u00f3 i el menjador comparteixen una mateixa estan\u00e7a, no sempre \u00e9s necessari incorporar-hi un separador f\u00edsic. Una bona planificaci\u00f3 de l\u2019interiorisme pot diferenciar tots dos ambients mitjan\u00e7ant:<\/p>\n\n\n\n<ol class=\"wp-block-list\">\n<li>Canvis de color o textura.<\/li>\n\n\n\n<li>Mobiliari fet a mida.<\/li>\n\n\n\n<li>L\u2019orientaci\u00f3 dels mobles.<\/li>\n\n\n\n<li>Elements de fusteria lleugera.<\/li>\n\n\n\n<li>Catifes de diferents dimensions.<\/li>\n\n\n\n<li>Il\u00b7luminaci\u00f3 espec\u00edfica per a cada zona.<\/li>\n<\/ol>\n\n\n\n<p class=\"wp-block-paragraph\">L\u2019objectiu? Aconseguir que cada espai tingui personalitat pr\u00f2pia sense perdre la continu\u00eftat est\u00e8tica del conjunt.<\/p>\n\n\n\n<div style=\"height:20px\" aria-hidden=\"true\" class=\"wp-block-spacer\"><\/div>\n<\/div><figure class=\"wp-block-media-text__media\"><img decoding=\"async\" width=\"1135\" height=\"605\" src=\"https:\/\/www.vbisogno.com\/wp-content\/uploads\/2026\/08\/u2298755331_Photorealistic_contemporary_interior_design_of_a__8722e3d9-15d7-4897-a80e-7411021bf0ba_3-1135x605.jpg\" alt=\"como separar cocina y salon sin pared\" class=\"wp-image-14846 size-full\" style=\"object-position:50% 50%\"\/><\/figure><\/div>\n\n\n\t<\/div>\n<\/div>\n\n\n<div\nstyle=\"padding-top:var(--wp--preset--spacing--40);padding-bottom:var(--wp--preset--spacing--40)\" class=\"xsd-container align wp-block-xsd-container\" id=\"xsd-container-8\">\n\t<div class=\"wrapper wrapper--normal\">\n\t\t\n\n<div class=\"wp-block-media-text is-stacked-on-mobile is-image-fill-element\"><figure class=\"wp-block-media-text__media\"><img decoding=\"async\" width=\"1135\" height=\"605\" src=\"https:\/\/www.vbisogno.com\/wp-content\/uploads\/2026\/08\/u2298755331_Photorealistic_interior_of_a_stylish_living_room__ba642bce-1a36-4557-b48c-50fe5781499d_0-1135x605.jpg\" alt=\"ideas para separar ambientes\" class=\"wp-image-14847 size-full\" style=\"object-position:50% 50%\"\/><\/figure><div class=\"wp-block-media-text__content\">\n<h2 class=\"wp-block-heading\"><strong><strong><strong><strong><strong><strong><strong><strong><strong><strong><strong><strong><strong><strong><strong><strong><strong><strong><strong><strong><strong><strong><strong><strong><strong><strong><strong><strong><strong><strong><strong><strong><strong><strong><strong>Com dividir una habitaci\u00f3 sense paret<\/strong><\/strong><\/strong><\/strong><\/strong><\/strong><\/strong><\/strong><\/strong><\/strong><\/strong><\/strong><\/strong><\/strong><\/strong><\/strong><\/strong><\/strong><\/strong><\/strong><\/strong><\/strong><\/strong><\/strong><\/strong><\/strong><\/strong><\/strong><\/strong><\/strong><\/strong><\/strong><\/strong><\/strong><\/strong><\/h2>\n\n\n\n<p class=\"wp-block-paragraph\">Tamb\u00e9 podem necessitar <strong>dividir una habitaci\u00f3 en dos<\/strong> sense construir un env\u00e0. \u00c9s habitual, per exemple, quan volem crear un vestidor, una zona de treball dins del dormitori o disposar de m\u00e9s privacitat.<\/p>\n\n\n\n<p class=\"wp-block-paragraph\">Una estructura de llistons de fusta permet crear una separaci\u00f3 visual mantenint el pas de la llum. Una altra opci\u00f3 s\u00f3n els panells m\u00f2bils o les portes corredisses, especialment interessants quan volem modificar f\u00e0cilment la distribuci\u00f3.<\/p>\n\n\n\n<p class=\"wp-block-paragraph\">En dormitoris amplis, un cap\u00e7al dissenyat a mida tamb\u00e9 pot actuar com a separador i permetre organitzar darrere seu un vestidor o una zona d\u2019emmagatzematge.<\/p>\n\n\n\n<p class=\"wp-block-paragraph\">D\u2019aquesta manera, \u00e9s possible resoldre el dubte de <strong>com dividir habitacions sense murs<\/strong> aprofitant els mateixos elements del projecte d\u2019interiorisme.<\/p>\n<\/div><\/div>\n\n\n\t<\/div>\n<\/div>\n\n\n<div\nstyle=\"padding-top:var(--wp--preset--spacing--40);padding-bottom:var(--wp--preset--spacing--40)\" class=\"xsd-container align wp-block-xsd-container\" id=\"xsd-container-9\">\n\t<div class=\"wrapper wrapper--normal\">\n\t\t\n\n<div class=\"wp-block-media-text has-media-on-the-right is-stacked-on-mobile is-image-fill-element\"><div class=\"wp-block-media-text__content\">\n<h2 class=\"wp-block-heading\"><strong><strong><strong><strong><strong><strong><strong><strong><strong><strong><strong><strong><strong><strong><strong><strong><strong><strong><strong><strong><strong><strong><strong><strong><strong><strong><strong><strong><strong><strong><strong><strong><strong><strong><strong><strong>Idees per separar ambients petits<\/strong><\/strong><\/strong><\/strong><\/strong><\/strong><\/strong><\/strong><\/strong><\/strong><\/strong><\/strong><\/strong><\/strong><\/strong><\/strong><\/strong><\/strong><\/strong><\/strong><\/strong><\/strong><\/strong><\/strong><\/strong><\/strong><\/strong><\/strong><\/strong><\/strong><\/strong><\/strong><\/strong><\/strong><\/strong><\/strong><\/h2>\n\n\n\n<p class=\"wp-block-paragraph\">En habitatges amb pocs metres quadrats, cada element que incorporem ha de tenir una funci\u00f3 clara. Per aix\u00f2, les millors <strong>idees per separar ambients petits<\/strong> s\u00f3n aquelles que delimiten sense reduir visualment l\u2019espai.<\/p>\n\n\n\n<p class=\"wp-block-paragraph\">Els tancaments transparents, els mobles baixos i les prestatgeries obertes permeten mantenir la profunditat visual.<\/p>\n\n\n\n<p class=\"wp-block-paragraph\">Tamb\u00e9 \u00e9s recomanable aprofitar solucions multifuncionals. Un moble pot servir simult\u00e0niament com a separador, espai d\u2019emmagatzematge i suport per al televisor, per exemple.<\/p>\n\n\n\n<p class=\"wp-block-paragraph\">En aquests casos, un disseny a mida permet aprofitar cada cent\u00edmetre disponible i evitar que els elements divisors es converteixin en obstacles.<\/p>\n<\/div><figure class=\"wp-block-media-text__media\"><img decoding=\"async\" width=\"1135\" height=\"605\" src=\"https:\/\/www.vbisogno.com\/wp-content\/uploads\/2026\/08\/u2298755331_Photorealistic_contemporary_apartment_interior_fe_998284b8-f73d-4ee6-bb53-20bd9458afe7_0-1135x605.jpg\" alt=\"ideas para separar ambientes peque\u00f1os\" class=\"wp-image-14842 size-full\" style=\"object-position:50% 50%\"\/><\/figure><\/div>\n\n\n\t<\/div>\n<\/div>\n\n\n<div\nstyle=\"padding-top:var(--wp--preset--spacing--40);padding-bottom:var(--wp--preset--spacing--40)\" class=\"xsd-container align wp-block-xsd-container\" id=\"xsd-container-10\">\n\t<div class=\"wrapper wrapper--normal\">\n\t\t\n\n<div class=\"wp-block-media-text is-stacked-on-mobile is-image-fill-element\"><figure class=\"wp-block-media-text__media\"><img decoding=\"async\" width=\"1135\" height=\"605\" src=\"https:\/\/www.vbisogno.com\/wp-content\/uploads\/2026\/08\/u2298755331_Photorealistic_contemporary_interior_design_of_a__8722e3d9-15d7-4897-a80e-7411021bf0ba_2-1135x605.jpg\" alt=\"separar ambientes sin obra\" class=\"wp-image-14845 size-full\" style=\"object-position:50% 50%\"\/><\/figure><div class=\"wp-block-media-text__content\">\n<h2 class=\"wp-block-heading\"><strong><strong><strong><strong><strong><strong><strong><strong><strong><strong><strong><strong><strong><strong><strong><strong><strong><strong><strong><strong><strong><strong><strong><strong><strong><strong><strong><strong><strong><strong><strong><strong><strong><strong><strong><strong><strong>Separar ambients sense obres: la import\u00e0ncia del disseny<\/strong><\/strong><\/strong><\/strong><\/strong><\/strong><\/strong><\/strong><\/strong><\/strong><\/strong><\/strong><\/strong><\/strong><\/strong><\/strong><\/strong><\/strong><\/strong><\/strong><\/strong><\/strong><\/strong><\/strong><\/strong><\/strong><\/strong><\/strong><\/strong><\/strong><\/strong><\/strong><\/strong><\/strong><\/strong><\/strong><\/strong><\/h2>\n\n\n\n<p class=\"wp-block-paragraph\">Moltes vegades no \u00e9s necessari fer una reforma completa per millorar la distribuci\u00f3 d\u2019un habitatge.<\/p>\n\n\n\n<p class=\"wp-block-paragraph\">Les <strong>idees per separar ambients sense obres<\/strong> poden partir simplement d\u2019una nova disposici\u00f3 del mobiliari, una il\u00b7luminaci\u00f3 millor planificada, elements t\u00e8xtils o petites peces de fusteria.<\/p>\n\n\n\n<p class=\"wp-block-paragraph\">Aix\u00f2 s\u00ed, abans de triar una soluci\u00f3, \u00e9s important analitzar com s\u2019utilitza realment l\u2019espai, com hi circulen les persones i d\u2019on prov\u00e9 la llum natural.<\/p>\n\n\n\n<p class=\"wp-block-paragraph\">Un separador que funciona perfectament en un habitatge pot resultar poc pr\u00e0ctic en un altre. Per aix\u00f2, cada projecte ha de buscar l\u2019equilibri entre distribuci\u00f3, funcionalitat, il\u00b7luminaci\u00f3 i est\u00e8tica.<\/p>\n<\/div><\/div>\n\n\n\t<\/div>\n<\/div>\n\n\n<div\nstyle=\"padding-top:var(--wp--preset--spacing--40);padding-bottom:var(--wp--preset--spacing--40)\" class=\"xsd-container align wp-block-xsd-container\" id=\"xsd-container-11\">\n\t<div class=\"wrapper wrapper--normal\">\n\t\t\n\n<div class=\"wp-block-media-text has-media-on-the-right is-stacked-on-mobile is-image-fill-element\"><div class=\"wp-block-media-text__content\">\n<h2 class=\"wp-block-heading\"><strong><strong>Dissenyem espais adaptats a la teva manera de viure<\/strong><\/strong><\/h2>\n\n\n\n<p class=\"wp-block-paragraph\">Separar ambients no consisteix \u00fanicament a dividir metres quadrats. Una bona distribuci\u00f3 permet crear espais diferents que continuen formant part d\u2019un mateix projecte.<\/p>\n\n\n\n<p class=\"wp-block-paragraph\">A <strong><a href=\"https:\/\/www.vbisogno.com\/ca\/?_gl=1%2Abu7lcn%2A_up%2AMQ..%2A_ga%2ANDY3MjgwMjE5LjE3ODcwNDQwMTg.%2A_ga_F12VTYZFR6%2AczE3ODcwNDQwMTgkbzEkZzAkdDE3ODcwNDQwMTgkajYwJGwwJGgw\" target=\"_blank\" rel=\"noreferrer noopener\">VBisogno<\/a><\/strong> estudiem cada habitatge de manera personalitzada per trobar solucions que aprofitin millor l\u2019espai, potenci\u00efn la llum natural i responguin a les necessitats de les persones que hi viuen.<\/p>\n\n\n\n<p class=\"wp-block-paragraph\">Si est\u00e0s pensant a transformar la distribuci\u00f3 del teu habitatge o vols descobrir noves possibilitats per als teus espais, <strong>no dubtis a <a href=\"https:\/\/www.vbisogno.com\/ca\/?_gl=1%2Abu7lcn%2A_up%2AMQ..%2A_ga%2ANDY3MjgwMjE5LjE3ODcwNDQwMTg.%2A_ga_F12VTYZFR6%2AczE3ODcwNDQwMTgkbzEkZzAkdDE3ODcwNDQwMTgkajYwJGwwJGgw#contacte\" target=\"_blank\" rel=\"noreferrer noopener\">contactar<\/a> amb nosaltres. Podem ajudar-te a desenvolupar un <a href=\"https:\/\/www.instagram.com\/vbisognostudio\/\" target=\"_blank\" rel=\"noreferrer noopener\">projecte d\u2019interiorisme<\/a> pensat a la teva mida.<\/strong><\/p>\n<\/div><figure class=\"wp-block-media-text__media\"><img decoding=\"async\" width=\"1135\" height=\"605\" src=\"https:\/\/www.vbisogno.com\/wp-content\/uploads\/2026\/08\/u2298755331_Photorealistic_contemporary_apartment_interior_fe_998284b8-f73d-4ee6-bb53-20bd9458afe7_1-1135x605.jpg\" alt=\"como separar cocina y salon sin pared\" class=\"wp-image-14843 size-full\" style=\"object-position:50% 50%\"\/><\/figure><\/div>\n\n\n\t<\/div>\n<\/div>\n\n\n<div\nstyle=\"padding-top:var(--wp--preset--spacing--40);padding-bottom:var(--wp--preset--spacing--40)\" class=\"xsd-container align wp-block-xsd-container\" id=\"xsd-container-12\">\n\t<div class=\"wrapper wrapper--normal\">\n\t\t\n\n<div class=\"wp-block-media-text is-stacked-on-mobile is-image-fill-element\"><figure class=\"wp-block-media-text__media\"><img decoding=\"async\" width=\"1135\" height=\"605\" src=\"https:\/\/www.vbisogno.com\/wp-content\/uploads\/2026\/08\/u2298755331_Photorealistic_contemporary_apartment_interior_fe_998284b8-f73d-4ee6-bb53-20bd9458afe7_3-1135x605.jpg\" alt=\"ideas para dividir espacios\" class=\"wp-image-14844 size-full\" style=\"object-position:50% 50%\"\/><\/figure><div class=\"wp-block-media-text__content\">\n<h2 class=\"wp-block-heading\"><strong><strong><strong><strong><strong><strong><strong><strong><strong><strong><strong><strong><strong><strong><strong><strong><strong><strong><strong><strong><strong><strong><strong><strong><strong><strong><strong><strong><strong><strong><strong><strong><strong><strong><strong><strong><strong><strong><strong>FAQ sobre com separar ambients<\/strong><\/strong><\/strong><\/strong><\/strong><\/strong><\/strong><\/strong><\/strong><\/strong><\/strong><\/strong><\/strong><\/strong><\/strong><\/strong><\/strong><\/strong><\/strong><\/strong><\/strong><\/strong><\/strong><\/strong><\/strong><\/strong><\/strong><\/strong><\/strong><\/strong><\/strong><\/strong><\/strong><\/strong><\/strong><\/strong><\/strong><\/strong><\/strong><\/h2>\n\n\n\n<p class=\"wp-block-paragraph\"><strong>Com separar ambients sense construir parets?<\/strong><\/p>\n\n\n\n<p class=\"wp-block-paragraph\">Es poden utilitzar tancaments de vidre, llistons de fusta, prestatgeries obertes, panells corredissos, mobles o fins i tot canvis de paviment i il\u00b7luminaci\u00f3. La millor opci\u00f3 dependr\u00e0 del nivell de privacitat que necessiti cada espai.<\/p>\n\n\n\n<p class=\"wp-block-paragraph\"><strong>Com separar cuina i sal\u00f3 sense perdre llum?<\/strong><\/p>\n\n\n\n<p class=\"wp-block-paragraph\">Els tancaments de vidre s\u00f3n una de les alternatives m\u00e9s eficaces perqu\u00e8 permeten delimitar la cuina mantenint la continu\u00eftat visual i el pas de la llum natural. Tamb\u00e9 es poden utilitzar illes, pen\u00ednsules o canvis de materials.<\/p>\n\n\n\n<p class=\"wp-block-paragraph\"><strong>Com dividir un sal\u00f3 en dos ambients?<\/strong><\/p>\n\n\n\n<p class=\"wp-block-paragraph\">La distribuci\u00f3 del mobiliari pot definir diferents zones dins del mateix sal\u00f3. Un sof\u00e0, una prestatgeria oberta, una catifa o la il\u00b7luminaci\u00f3 es poden utilitzar per separar visualment una zona d\u2019estar i un menjador.<\/p>\n\n\n\n<p class=\"wp-block-paragraph\"><strong>Com dividir una habitaci\u00f3 en dos sense fer obres?<\/strong><\/p>\n\n\n\n<p class=\"wp-block-paragraph\">Els panells corredissos, les cortines, els llistons de fusta, les prestatgeries o els mobles a mida permeten crear diferents \u00e0rees sense necessitat d\u2019aixecar un mur permanent.<\/p>\n\n\n\n<p class=\"wp-block-paragraph\"><strong>Quins separadors funcionen millor en espais petits?<\/strong><\/p>\n\n\n\n<p class=\"wp-block-paragraph\">En espais petits conv\u00e9 utilitzar solucions visualment lleugeres com el vidre, els llistons, el mobiliari baix o les prestatgeries obertes. Aix\u00ed es diferencien els ambients sense reduir la sensaci\u00f3 d\u2019amplitud ni bloquejar l\u2019entrada de llum.<\/p>\n<\/div><\/div>\n\n\n\t<\/div>\n<\/div>\n\n\n\n<p class=\"wp-block-paragraph\"><\/p>\n","protected":false},"excerpt":{"rendered":"","protected":false},"author":1,"featured_media":14856,"comment_status":"open","ping_status":"closed","sticky":false,"template":"","format":"standard","meta":{"_acf_changed":false,"_joinchat":[],"footnotes":""},"categories":[1],"tags":[],"class_list":["post-14854","post","type-post","status-publish","format-standard","has-post-thumbnail","hentry","category-sin-categoria"],"acf":[],"yoast_head":"<!-- This site is optimized with the Yoast SEO plugin v27.7 - https:\/\/yoast.com\/product\/yoast-seo-wordpress\/ -->\n<title>Idees per separar ambients sense perdre llum ni espai - VBISOGNO<\/title>\n<meta name=\"description\" content=\"Separar espais no sempre significa aixecar parets. En aquest nou article et donem idees per a fer-ho sense grans obres. Pren nota!\" \/>\n<meta name=\"robots\" content=\"index, follow, max-snippet:-1, max-image-preview:large, max-video-preview:-1\" \/>\n<link rel=\"canonical\" href=\"https:\/\/www.vbisogno.com\/ca\/blog\/ideas-separar-ambientes-sin-perder-luz-espacio\/\" \/>\n<meta property=\"og:locale\" content=\"ca_ES\" \/>\n<meta property=\"og:type\" content=\"article\" \/>\n<meta property=\"og:title\" content=\"Idees per separar ambients sense perdre llum ni espai - VBISOGNO\" \/>\n<meta property=\"og:description\" content=\"Separar espais no sempre significa aixecar parets. En aquest nou article et donem idees per a fer-ho sense grans obres. Pren nota!\" \/>\n<meta property=\"og:url\" content=\"https:\/\/www.vbisogno.com\/ca\/blog\/ideas-separar-ambientes-sin-perder-luz-espacio\/\" \/>\n<meta property=\"og:site_name\" content=\"VBISOGNO\" \/>\n<meta property=\"article:publisher\" content=\"https:\/\/facebook.com\/vbisognostudio\" \/>\n<meta property=\"article:published_time\" content=\"2026-08-18T09:00:56+00:00\" \/>\n<meta property=\"article:modified_time\" content=\"2026-08-18T09:12:24+00:00\" \/>\n<meta property=\"og:image\" content=\"https:\/\/www.vbisogno.com\/wp-content\/uploads\/2026\/08\/u2298755331_Photorealistic_interior_of_a_stylish_living_room__ba642bce-1a36-4557-b48c-50fe5781499d_1.jpg\" \/>\n\t<meta property=\"og:image:width\" content=\"1456\" \/>\n\t<meta property=\"og:image:height\" content=\"816\" \/>\n\t<meta property=\"og:image:type\" content=\"image\/jpeg\" \/>\n<meta name=\"author\" content=\"Vbisogno Studio\" \/>\n<meta name=\"twitter:card\" content=\"summary_large_image\" \/>\n<meta name=\"twitter:label1\" content=\"Escrit per\" \/>\n\t<meta name=\"twitter:data1\" content=\"Vbisogno Studio\" \/>\n\t<meta name=\"twitter:label2\" content=\"Temps estimat de lectura\" \/>\n\t<meta name=\"twitter:data2\" content=\"9 minuts\" \/>\n<!-- \/ Yoast SEO plugin. -->","yoast_head_json":{"title":"Idees per separar ambients sense perdre llum ni espai - VBISOGNO","description":"Separar espais no sempre significa aixecar parets. En aquest nou article et donem idees per a fer-ho sense grans obres. Pren nota!","robots":{"index":"index","follow":"follow","max-snippet":"max-snippet:-1","max-image-preview":"max-image-preview:large","max-video-preview":"max-video-preview:-1"},"canonical":"https:\/\/www.vbisogno.com\/ca\/blog\/ideas-separar-ambientes-sin-perder-luz-espacio\/","og_locale":"ca_ES","og_type":"article","og_title":"Idees per separar ambients sense perdre llum ni espai - VBISOGNO","og_description":"Separar espais no sempre significa aixecar parets. En aquest nou article et donem idees per a fer-ho sense grans obres. Pren nota!","og_url":"https:\/\/www.vbisogno.com\/ca\/blog\/ideas-separar-ambientes-sin-perder-luz-espacio\/","og_site_name":"VBISOGNO","article_publisher":"https:\/\/facebook.com\/vbisognostudio","article_published_time":"2026-08-18T09:00:56+00:00","article_modified_time":"2026-08-18T09:12:24+00:00","og_image":[{"width":1456,"height":816,"url":"https:\/\/www.vbisogno.com\/wp-content\/uploads\/2026\/08\/u2298755331_Photorealistic_interior_of_a_stylish_living_room__ba642bce-1a36-4557-b48c-50fe5781499d_1.jpg","type":"image\/jpeg"}],"author":"Vbisogno Studio","twitter_card":"summary_large_image","twitter_misc":{"Escrit per":"Vbisogno Studio","Temps estimat de lectura":"9 minuts"},"schema":{"@context":"https:\/\/schema.org","@graph":[{"@type":"Article","@id":"https:\/\/www.vbisogno.com\/ca\/blog\/ideas-separar-ambientes-sin-perder-luz-espacio\/#article","isPartOf":{"@id":"https:\/\/www.vbisogno.com\/ca\/blog\/ideas-separar-ambientes-sin-perder-luz-espacio\/"},"author":{"name":"Vbisogno Studio","@id":"https:\/\/www.vbisogno.com\/ca\/#\/schema\/person\/6d1cbfcc62ba2826e204e503d46ec7dd"},"headline":"Idees per separar ambients sense perdre llum ni espai","datePublished":"2026-08-18T09:00:56+00:00","dateModified":"2026-08-18T09:12:24+00:00","mainEntityOfPage":{"@id":"https:\/\/www.vbisogno.com\/ca\/blog\/ideas-separar-ambientes-sin-perder-luz-espacio\/"},"wordCount":1376,"commentCount":0,"publisher":{"@id":"https:\/\/www.vbisogno.com\/ca\/#organization"},"image":{"@id":"https:\/\/www.vbisogno.com\/ca\/blog\/ideas-separar-ambientes-sin-perder-luz-espacio\/#primaryimage"},"thumbnailUrl":"https:\/\/www.vbisogno.com\/wp-content\/uploads\/2026\/08\/u2298755331_Photorealistic_interior_of_a_stylish_living_room__ba642bce-1a36-4557-b48c-50fe5781499d_1.jpg","articleSection":["Sin categor\u00eda"],"inLanguage":"ca","potentialAction":[{"@type":"CommentAction","name":"Comment","target":["https:\/\/www.vbisogno.com\/ca\/blog\/ideas-separar-ambientes-sin-perder-luz-espacio\/#respond"]}]},{"@type":"WebPage","@id":"https:\/\/www.vbisogno.com\/ca\/blog\/ideas-separar-ambientes-sin-perder-luz-espacio\/","url":"https:\/\/www.vbisogno.com\/ca\/blog\/ideas-separar-ambientes-sin-perder-luz-espacio\/","name":"Idees per separar ambients sense perdre llum ni espai - VBISOGNO","isPartOf":{"@id":"https:\/\/www.vbisogno.com\/ca\/#website"},"primaryImageOfPage":{"@id":"https:\/\/www.vbisogno.com\/ca\/blog\/ideas-separar-ambientes-sin-perder-luz-espacio\/#primaryimage"},"image":{"@id":"https:\/\/www.vbisogno.com\/ca\/blog\/ideas-separar-ambientes-sin-perder-luz-espacio\/#primaryimage"},"thumbnailUrl":"https:\/\/www.vbisogno.com\/wp-content\/uploads\/2026\/08\/u2298755331_Photorealistic_interior_of_a_stylish_living_room__ba642bce-1a36-4557-b48c-50fe5781499d_1.jpg","datePublished":"2026-08-18T09:00:56+00:00","dateModified":"2026-08-18T09:12:24+00:00","description":"Separar espais no sempre significa aixecar parets. En aquest nou article et donem idees per a fer-ho sense grans obres. Pren nota!","breadcrumb":{"@id":"https:\/\/www.vbisogno.com\/ca\/blog\/ideas-separar-ambientes-sin-perder-luz-espacio\/#breadcrumb"},"inLanguage":"ca","potentialAction":[{"@type":"ReadAction","target":["https:\/\/www.vbisogno.com\/ca\/blog\/ideas-separar-ambientes-sin-perder-luz-espacio\/"]}]},{"@type":"ImageObject","inLanguage":"ca","@id":"https:\/\/www.vbisogno.com\/ca\/blog\/ideas-separar-ambientes-sin-perder-luz-espacio\/#primaryimage","url":"https:\/\/www.vbisogno.com\/wp-content\/uploads\/2026\/08\/u2298755331_Photorealistic_interior_of_a_stylish_living_room__ba642bce-1a36-4557-b48c-50fe5781499d_1.jpg","contentUrl":"https:\/\/www.vbisogno.com\/wp-content\/uploads\/2026\/08\/u2298755331_Photorealistic_interior_of_a_stylish_living_room__ba642bce-1a36-4557-b48c-50fe5781499d_1.jpg","width":1456,"height":816,"caption":"ideas para separar ambientes"},{"@type":"BreadcrumbList","@id":"https:\/\/www.vbisogno.com\/ca\/blog\/ideas-separar-ambientes-sin-perder-luz-espacio\/#breadcrumb","itemListElement":[{"@type":"ListItem","position":1,"name":"Home","item":"https:\/\/www.vbisogno.com\/ca\/"},{"@type":"ListItem","position":2,"name":"Idees per separar ambients sense perdre llum ni espai"}]},{"@type":"WebSite","@id":"https:\/\/www.vbisogno.com\/ca\/#website","url":"https:\/\/www.vbisogno.com\/ca\/","name":"Vbisogno","description":"","publisher":{"@id":"https:\/\/www.vbisogno.com\/ca\/#organization"},"alternateName":"Vbisogno","potentialAction":[{"@type":"SearchAction","target":{"@type":"EntryPoint","urlTemplate":"https:\/\/www.vbisogno.com\/ca\/?s={search_term_string}"},"query-input":{"@type":"PropertyValueSpecification","valueRequired":true,"valueName":"search_term_string"}}],"inLanguage":"ca"},{"@type":"Organization","@id":"https:\/\/www.vbisogno.com\/ca\/#organization","name":"Vbisogno","alternateName":"Vbisogno","url":"https:\/\/www.vbisogno.com\/ca\/","logo":{"@type":"ImageObject","inLanguage":"ca","@id":"https:\/\/www.vbisogno.com\/ca\/#\/schema\/logo\/image\/","url":"https:\/\/www.vbisogno.com\/wp-content\/uploads\/2023\/11\/vbisogno-horizontal.svg","contentUrl":"https:\/\/www.vbisogno.com\/wp-content\/uploads\/2023\/11\/vbisogno-horizontal.svg","width":176,"height":47,"caption":"Vbisogno"},"image":{"@id":"https:\/\/www.vbisogno.com\/ca\/#\/schema\/logo\/image\/"},"sameAs":["https:\/\/facebook.com\/vbisognostudio","http:\/\/instagram.com\/vbisognostudio"]},{"@type":"Person","@id":"https:\/\/www.vbisogno.com\/ca\/#\/schema\/person\/6d1cbfcc62ba2826e204e503d46ec7dd","name":"Vbisogno Studio","image":{"@type":"ImageObject","inLanguage":"ca","@id":"https:\/\/secure.gravatar.com\/avatar\/9edb1b7bbd9ba511389bd1856aeea098c1ff53d7b48dd496ae7d023548c86178?s=96&d=mm&r=g","url":"https:\/\/secure.gravatar.com\/avatar\/9edb1b7bbd9ba511389bd1856aeea098c1ff53d7b48dd496ae7d023548c86178?s=96&d=mm&r=g","contentUrl":"https:\/\/secure.gravatar.com\/avatar\/9edb1b7bbd9ba511389bd1856aeea098c1ff53d7b48dd496ae7d023548c86178?s=96&d=mm&r=g","caption":"Vbisogno Studio"},"sameAs":["http:\/\/www.vbisogno.com.local"]}]}},"_links":{"self":[{"href":"https:\/\/www.vbisogno.com\/ca\/wp-json\/wp\/v2\/posts\/14854","targetHints":{"allow":["GET"]}}],"collection":[{"href":"https:\/\/www.vbisogno.com\/ca\/wp-json\/wp\/v2\/posts"}],"about":[{"href":"https:\/\/www.vbisogno.com\/ca\/wp-json\/wp\/v2\/types\/post"}],"author":[{"embeddable":true,"href":"https:\/\/www.vbisogno.com\/ca\/wp-json\/wp\/v2\/users\/1"}],"replies":[{"embeddable":true,"href":"https:\/\/www.vbisogno.com\/ca\/wp-json\/wp\/v2\/comments?post=14854"}],"version-history":[{"count":1,"href":"https:\/\/www.vbisogno.com\/ca\/wp-json\/wp\/v2\/posts\/14854\/revisions"}],"predecessor-version":[{"id":14867,"href":"https:\/\/www.vbisogno.com\/ca\/wp-json\/wp\/v2\/posts\/14854\/revisions\/14867"}],"wp:featuredmedia":[{"embeddable":true,"href":"https:\/\/www.vbisogno.com\/ca\/wp-json\/wp\/v2\/media\/14856"}],"wp:attachment":[{"href":"https:\/\/www.vbisogno.com\/ca\/wp-json\/wp\/v2\/media?parent=14854"}],"wp:term":[{"taxonomy":"category","embeddable":true,"href":"https:\/\/www.vbisogno.com\/ca\/wp-json\/wp\/v2\/categories?post=14854"},{"taxonomy":"post_tag","embeddable":true,"href":"https:\/\/www.vbisogno.com\/ca\/wp-json\/wp\/v2\/tags?post=14854"}],"curies":[{"name":"wp","href":"https:\/\/api.w.org\/{rel}","templated":true}]}}