{"id":14819,"date":"2026-08-10T12:28:38","date_gmt":"2026-08-10T10:28:38","guid":{"rendered":"https:\/\/www.vbisogno.com\/blog\/que-es-la-cedula-de-habitabilidad-requisitos-y-como-obtenerla\/"},"modified":"2026-08-10T12:45:55","modified_gmt":"2026-08-10T10:45:55","slug":"que-es-la-cedula-d-habitabilitat-requisits-com-obtenirla","status":"publish","type":"post","link":"https:\/\/www.vbisogno.com\/ca\/blog\/que-es-la-cedula-de-habitabilidad-requisitos-y-como-obtenerla\/","title":{"rendered":"Qu\u00e8 \u00e9s la c\u00e8dula d\u2019habitabilitat: requisits i com obtenir-la"},"content":{"rendered":"<div\nclass=\"xsd-cover skip-lazy dark-bg xsd-cover--image aligncenter wp-block-xsd-cover wp-block-xsd-cover-\">\n\t<img decoding=\"async\" width=\"1024\" height=\"1024\" src=\"https:\/\/www.vbisogno.com\/wp-content\/uploads\/2026\/08\/u2298755331_beautiful_sunlit_apartment_in_Catalonia_clean_and_e222b625-ea3f-4d93-9965-fa0807bc4146_1.jpg\" class=\"xsd-cover__image\" alt=\"cedula habitabilidad caducada\" \/>\t<div class=\"xsd-cover__overlay\"><\/div>\n\t<div class=\"xsd-cover__content\">\n\t\t\n<div\nclass=\"xsd-container align wp-block-xsd-container\" id=\"xsd-container-1\">\n\t<div class=\"wrapper wrapper--small\">\n\t\t\n\n<h1 class=\"wp-block-heading has-text-align-center has-background-color has-text-color has-link-color wp-elements-1\"><strong><strong><strong><strong><strong><strong><strong><strong><strong><strong><strong><strong><strong><strong><strong><strong><strong><strong><strong><strong><strong><strong><strong><strong><strong><strong><strong><strong><strong><strong><strong><strong><strong><strong>Qu\u00e8 \u00e9s la c\u00e8dula d\u2019habitabilitat: requisits i com obtenir-la<\/strong><\/strong><\/strong><\/strong><\/strong><\/strong><\/strong><\/strong><\/strong><\/strong><\/strong><\/strong><\/strong><\/strong><\/strong><\/strong><\/strong><\/strong><\/strong><\/strong><\/strong><\/strong><\/strong><\/strong><\/strong><\/strong><\/strong><\/strong><\/strong><\/strong><\/strong><\/strong><\/strong><\/strong><\/h1>\n\n\n\n<div\n\tclass=\"autor-fecha vbisogno-autor-fecha wp-block-vbisogno-autor-fecha\" id=\"block_c1a192a04580f1db7ab1402113370c53\">\n\t<span class=\"blogs-autor\">AUTOR: VBISOGNO STUDIO<\/span>\n\t&nbsp;&nbsp;\n\t<span class=\"blogs-fecha\">FECHA: 10\/08\/2026<\/span>\n<\/div>\n\n\n\n<p class=\"wp-block-paragraph\">Hi ha documents d\u2019un habitatge que no solem revisar fins que arriba el moment de vendre, llogar o fer determinats tr\u00e0mits. La c\u00e8dula d\u2019habitabilitat n\u2019\u00e9s un.<\/p>\n\n\n\t<\/div>\n<\/div>\n\n\n\t<\/div>\n<\/div>\n\n\n<div\nstyle=\"padding-top:var(--wp--preset--spacing--50);padding-bottom:var(--wp--preset--spacing--50)\" class=\"xsd-container align wp-block-xsd-container\" id=\"xsd-container-2\">\n\t<div class=\"wrapper wrapper--normal\">\n\t\t\n\n<p class=\"wp-block-paragraph\">A Catalunya, aquest document acredita que un habitatge reuneix les condicions m\u00ednimes necess\u00e0ries per ser habitat. Per aix\u00f2, saber qu\u00e8 \u00e9s la c\u00e8dula d\u2019habitabilitat, quan caduca o com obtenir-la pot evitar problemes abans d\u2019una operaci\u00f3 immobili\u00e0ria o d\u2019una reforma.<\/p>\n\n\n\t<\/div>\n<\/div>\n\n\n<div\nstyle=\"padding-top:var(--wp--preset--spacing--60);padding-bottom:var(--wp--preset--spacing--60)\" class=\"xsd-container align wp-block-xsd-container\" id=\"xsd-container-3\">\n\t<div class=\"wrapper wrapper--normal\">\n\t\t\n\n<div class=\"wp-block-media-text has-media-on-the-right is-stacked-on-mobile is-image-fill-element\"><div class=\"wp-block-media-text__content\">\n<h2 class=\"wp-block-heading\"><strong><strong><strong><strong><strong><strong><strong><strong><strong><strong><strong><strong><strong><strong><strong><strong><strong><strong><strong><strong><strong><strong><strong><strong><strong><strong><strong><strong><strong><strong><strong><strong><strong><strong><strong><strong><strong>Qu\u00e8 \u00e9s la c\u00e8dula d\u2019habitabilitat i per a qu\u00e8 serveix?<\/strong><\/strong><\/strong><\/strong><\/strong><\/strong><\/strong><\/strong><\/strong><\/strong><\/strong><\/strong><\/strong><\/strong><\/strong><\/strong><\/strong><\/strong><\/strong><\/strong><\/strong><\/strong><\/strong><\/strong><\/strong><\/strong><\/strong><\/strong><\/strong><\/strong><\/strong><\/strong><\/strong><\/strong><\/strong><\/strong><\/strong><\/h2>\n\n\n\n<p class=\"wp-block-paragraph\">La c\u00e8dula d\u2019habitabilitat \u00e9s un document administratiu que acredita que un habitatge compleix les condicions m\u00ednimes d\u2019habitabilitat establertes per la normativa i que, per tant, \u00e9s apte per ser utilitzat com a resid\u00e8ncia.<\/p>\n\n\n\n<p class=\"wp-block-paragraph\">Entre altres dades, identifica l\u2019habitatge i n\u2019indica la superf\u00edcie \u00fatil, les estances que el componen i el llindar m\u00e0xim d\u2019ocupaci\u00f3.<\/p>\n\n\n\n<p class=\"wp-block-paragraph\">I per a qu\u00e8 serveix la c\u00e8dula d\u2019habitabilitat? A Catalunya \u00e9s necess\u00e0ria principalment per:<\/p>\n\n\n\n<ol start=\"1\" class=\"wp-block-list\">\n<li>Vendre, llogar o cedir l\u2019\u00fas d\u2019un habitatge.<\/li>\n\n\n\n<li>Donar d\u2019alta subministraments com l\u2019aigua, l\u2019electricitat o el gas.<\/li>\n\n\n\n<li>Acreditar que l\u2019immoble compleix les condicions m\u00ednimes exigides per ser utilitzat com a habitatge.<\/li>\n<\/ol>\n\n\n\n<p class=\"wp-block-paragraph\">Aix\u00ed ho estableix la informaci\u00f3 oficial de l\u2019<strong><a href=\"https:\/\/agenciahabitatge.gencat.cat\/ca\" target=\"_blank\" rel=\"noreferrer noopener\">Ag\u00e8ncia de l\u2019Habitatge de Catalunya<\/a><\/strong>\u00a0per a les c\u00e8dules de segona ocupaci\u00f3.<\/p>\n\n\n\n<p class=\"wp-block-paragraph\">Cal tenir en compte, a m\u00e9s, que disposar d\u2019una c\u00e8dula no implica que qualsevol obra realitzada a l\u2019immoble quedi legalitzada des del punt de vista urban\u00edstic. S\u00f3n q\u00fcestions diferents.<\/p>\n<\/div><figure class=\"wp-block-media-text__media\"><img decoding=\"async\" width=\"1024\" height=\"605\" src=\"https:\/\/www.vbisogno.com\/wp-content\/uploads\/2026\/08\/u2298755331_beautiful_sunlit_apartment_in_Catalonia_clean_and_e222b625-ea3f-4d93-9965-fa0807bc4146_0-1024x605.jpg\" alt=\"como conseguir cedula habitabilidad\" class=\"wp-image-14805 size-full\" style=\"object-position:50% 50%\"\/><\/figure><\/div>\n\n\n\t<\/div>\n<\/div>\n\n\n<div\nstyle=\"padding-top:var(--wp--preset--spacing--40);padding-bottom:var(--wp--preset--spacing--40)\" class=\"xsd-container align wp-block-xsd-container\" id=\"xsd-container-4\">\n\t<div class=\"wrapper wrapper--normal\">\n\t\t\n\n<div class=\"wp-block-media-text is-stacked-on-mobile is-image-fill-element\"><figure class=\"wp-block-media-text__media\"><img decoding=\"async\" width=\"1024\" height=\"605\" src=\"https:\/\/www.vbisogno.com\/wp-content\/uploads\/2026\/08\/u2298755331_beautiful_sunlit_apartment_in_Catalonia_clean_and_e222b625-ea3f-4d93-9965-fa0807bc4146_2-1024x605.jpg\" alt=\"como conseguir cedula habitabilidad\" class=\"wp-image-14807 size-full\" style=\"object-position:50% 50%\"\/><\/figure><div class=\"wp-block-media-text__content\">\n<h2 class=\"wp-block-heading\"><strong><strong><strong><strong><strong><strong><strong><strong><strong><strong><strong><strong><strong><strong><strong><strong><strong><strong><strong><strong><strong><strong><strong><strong><strong><strong><strong><strong><strong><strong><strong><strong><strong><strong><strong><strong>\u00c9s obligat\u00f2ria la c\u00e8dula d\u2019habitabilitat?<\/strong><\/strong><\/strong><\/strong><\/strong><\/strong><\/strong><\/strong><\/strong><\/strong><\/strong><\/strong><\/strong><\/strong><\/strong><\/strong><\/strong><\/strong><\/strong><\/strong><\/strong><\/strong><\/strong><\/strong><\/strong><\/strong><\/strong><\/strong><\/strong><\/strong><\/strong><\/strong><\/strong><\/strong><\/strong><\/strong><\/h2>\n\n\n\n<p class=\"wp-block-paragraph\">A Catalunya, la c\u00e8dula ha d\u2019estar vigent per a determinades operacions relacionades amb l\u2019habitatge. Per exemple, es necessita per vendre\u2019l, llogar-lo o cedir-ne l\u2019\u00fas, i tamb\u00e9 pot ser necess\u00e0ria per contractar els subministraments b\u00e0sics.<\/p>\n\n\n\n<p class=\"wp-block-paragraph\">Per tant, si s\u2019est\u00e0 preparant la venda o el lloguer d\u2019un pis, \u00e9s recomanable comprovar amb antelaci\u00f3 que el document continua vigent. Tamb\u00e9 es pot consultar si un habitatge disposa d\u2019una c\u00e8dula d\u2019habitabilitat vigent mitjan\u00e7ant el n\u00famero de c\u00e8dula o la refer\u00e8ncia cadastral al\u00a0<strong><a href=\"https:\/\/agenciahabitatge.gencat.cat\/ca\/buscador\" target=\"_blank\" rel=\"noreferrer noopener\">cercador de l\u2019Ag\u00e8ncia de l\u2019Habitatge de Catalunya<\/a><\/strong>.<\/p>\n<\/div><\/div>\n\n\n\t<\/div>\n<\/div>\n\n\n<div\nstyle=\"padding-top:var(--wp--preset--spacing--40);padding-bottom:var(--wp--preset--spacing--40)\" class=\"xsd-container align wp-block-xsd-container\" id=\"xsd-container-5\">\n\t<div class=\"wrapper wrapper--normal\">\n\t\t\n\n<div class=\"wp-block-media-text has-media-on-the-right is-stacked-on-mobile is-image-fill-element\"><div class=\"wp-block-media-text__content\">\n<h2 class=\"wp-block-heading\"><strong><strong><strong><strong><strong><strong><strong><strong><strong><strong><strong><strong><strong><strong><strong><strong><strong><strong><strong><strong><strong><strong><strong><strong><strong><strong><strong><strong><strong><strong><strong><strong><strong><strong><strong>Tipus de c\u00e8dula d\u2019habitabilitat i caducitat<\/strong><\/strong><\/strong><\/strong><\/strong><\/strong><\/strong><\/strong><\/strong><\/strong><\/strong><\/strong><\/strong><\/strong><\/strong><\/strong><\/strong><\/strong><\/strong><\/strong><\/strong><\/strong><\/strong><\/strong><\/strong><\/strong><\/strong><\/strong><\/strong><\/strong><\/strong><\/strong><\/strong><\/strong><\/strong><\/h2>\n\n\n\n<p class=\"wp-block-paragraph\">La caducitat de la c\u00e8dula d\u2019habitabilitat dep\u00e8n del tipus de document.<\/p>\n<\/div><figure class=\"wp-block-media-text__media\"><img decoding=\"async\" width=\"1024\" height=\"605\" src=\"https:\/\/www.vbisogno.com\/wp-content\/uploads\/2026\/08\/u2298755331_beautiful_sunlit_apartment_in_Catalonia_clean_and_e222b625-ea3f-4d93-9965-fa0807bc4146_3-1024x605.jpg\" alt=\"precio cedula habitabilidad\" class=\"wp-image-14808 size-full\" style=\"object-position:47% 100%\"\/><\/figure><\/div>\n\n\n\t<\/div>\n<\/div>\n\n\n<div class=\"wp-block-image\">\n<figure class=\"aligncenter size-full\"><img decoding=\"async\" width=\"1036\" height=\"318\" src=\"https:\/\/www.vbisogno.com\/wp-content\/uploads\/2026\/08\/Captura-de-pantalla-2026-08-10-a-las-12.37.35.png\" alt=\"\" class=\"wp-image-14834\" srcset=\"https:\/\/www.vbisogno.com\/wp-content\/uploads\/2026\/08\/Captura-de-pantalla-2026-08-10-a-las-12.37.35.png 1036w, https:\/\/www.vbisogno.com\/wp-content\/uploads\/2026\/08\/Captura-de-pantalla-2026-08-10-a-las-12.37.35-768x236.png 768w\" sizes=\"(max-width: 1036px) 100vw, 1036px\" \/><figcaption class=\"wp-element-caption\">La\u00a0<strong><a href=\"https:\/\/web.gencat.cat\/es\/inici\" target=\"_blank\" rel=\"noreferrer noopener\">Generalitat<\/a><\/strong>\u00a0estableix una vig\u00e8ncia de 25 anys per a les c\u00e8dules de primera ocupaci\u00f3 d\u2019habitatges de nova construcci\u00f3 i de 15 anys per a les de rehabilitaci\u00f3 i segona ocupaci\u00f3.<\/figcaption><\/figure>\n<\/div>\n\n<div\nstyle=\"padding-top:var(--wp--preset--spacing--40);padding-bottom:var(--wp--preset--spacing--40)\" class=\"xsd-container align wp-block-xsd-container\" id=\"xsd-container-6\">\n\t<div class=\"wrapper wrapper--normal\">\n\t\t\n\n<div class=\"wp-block-media-text is-stacked-on-mobile is-image-fill-element\"><figure class=\"wp-block-media-text__media\"><img decoding=\"async\" width=\"1024\" height=\"605\" src=\"https:\/\/www.vbisogno.com\/wp-content\/uploads\/2026\/08\/u2298755331_bright_and_welcoming_apartment_in_Barcelona_well-_ed070207-4e52-4b72-b4b5-d871ec0b245c_0-1024x605.jpg\" alt=\"cedula habitabilidad requisitos\" class=\"wp-image-14809 size-full\" style=\"object-position:50% 50%\"\/><\/figure><div class=\"wp-block-media-text__content\">\n<h2 class=\"wp-block-heading\"><strong><strong><strong><strong><strong><strong><strong><strong><strong>Qu\u00e8 passa si la c\u00e8dula d\u2019habitabilitat est\u00e0 caducada?<\/strong><\/strong><\/strong><\/strong><\/strong><\/strong><\/strong><\/strong><\/strong><\/h2>\n\n\n\n<p class=\"wp-block-paragraph\">Una c\u00e8dula d\u2019habitabilitat caducada deixa d\u2019acreditar de manera vigent les condicions d\u2019habitabilitat de l\u2019habitatge.<\/p>\n\n\n\n<p class=\"wp-block-paragraph\">Si cal vendre, llogar o fer un tr\u00e0mit que requereixi aquest document, s\u2019haur\u00e0 de sol\u00b7licitar una nova c\u00e8dula. En un habitatge usat, el m\u00e9s habitual ser\u00e0 tramitar una c\u00e8dula de segona ocupaci\u00f3.<\/p>\n\n\n\n<p class=\"wp-block-paragraph\">No cal sol\u00b7licitar-ne una de nova mentre n\u2019hi hagi una altra de vigent per al mateix habitatge: de fet, no poden coexistir dues c\u00e8dules vigents sobre un mateix immoble.<\/p>\n\n\n\n<div style=\"height:20px\" aria-hidden=\"true\" class=\"wp-block-spacer\"><\/div>\n<\/div><\/div>\n\n\n\t<\/div>\n<\/div>\n\n\n<div\nstyle=\"padding-top:var(--wp--preset--spacing--40);padding-bottom:var(--wp--preset--spacing--40)\" class=\"xsd-container align wp-block-xsd-container\" id=\"xsd-container-7\">\n\t<div class=\"wrapper wrapper--normal\">\n\t\t\n\n<div class=\"wp-block-media-text has-media-on-the-right is-stacked-on-mobile is-image-fill-element\"><div class=\"wp-block-media-text__content\">\n<h2 class=\"wp-block-heading\"><strong><strong><strong><strong><strong><strong><strong><strong><strong><strong><strong><strong><strong><strong><strong><strong><strong><strong><strong><strong><strong><strong><strong><strong><strong><strong><strong><strong><strong><strong><strong><strong><strong><strong><strong><strong><strong>Requisits per obtenir la c\u00e8dula d\u2019habitabilitat<\/strong><\/strong><\/strong><\/strong><\/strong><\/strong><\/strong><\/strong><\/strong><\/strong><\/strong><\/strong><\/strong><\/strong><\/strong><\/strong><\/strong><\/strong><\/strong><\/strong><\/strong><\/strong><\/strong><\/strong><\/strong><\/strong><\/strong><\/strong><\/strong><\/strong><\/strong><\/strong><\/strong><\/strong><\/strong><\/strong><\/strong><\/h2>\n\n\n\n<p class=\"wp-block-paragraph\">Els requisits de la c\u00e8dula d\u2019habitabilitat depenen del tipus d\u2019habitatge i de la seva situaci\u00f3 administrativa.<\/p>\n\n\n\n<p class=\"wp-block-paragraph\">En el cas habitual d\u2019un habitatge usat que necessita una c\u00e8dula de segona ocupaci\u00f3, cal disposar d\u2019un certificat d\u2019habitabilitat signat per un arquitecte, arquitecte t\u00e8cnic, aparellador o enginyer de l\u2019edificaci\u00f3.<\/p>\n\n\n\n<p class=\"wp-block-paragraph\">El t\u00e8cnic visita l\u2019immoble i comprova que reuneix les condicions d\u2019habitabilitat que li corresponen d\u2019acord amb la seva antiguitat i caracter\u00edstiques.<\/p>\n\n\n\n<p class=\"wp-block-paragraph\">A m\u00e9s, per tramitar una c\u00e8dula de segona ocupaci\u00f3 no hi ha d\u2019haver cap altra c\u00e8dula vigent i l\u2019habitatge no ha d\u2019haver patit modificacions essencials que afectin les dades o les condicions recollides a la c\u00e8dula anterior. Si s\u2019han produ\u00eft canvis substancials derivats d\u2019una intervenci\u00f3, pot ser necessari tramitar una c\u00e8dula de primera ocupaci\u00f3 de rehabilitaci\u00f3.<\/p>\n\n\n\n<div style=\"height:20px\" aria-hidden=\"true\" class=\"wp-block-spacer\"><\/div>\n<\/div><figure class=\"wp-block-media-text__media\"><img decoding=\"async\" width=\"1024\" height=\"605\" src=\"https:\/\/www.vbisogno.com\/wp-content\/uploads\/2026\/08\/u2298755331_bright_and_welcoming_apartment_in_Barcelona_well-_ed070207-4e52-4b72-b4b5-d871ec0b245c_1-1024x605.jpg\" alt=\"\" class=\"wp-image-14810 size-full\" style=\"object-position:50% 50%\"\/><\/figure><\/div>\n\n\n\t<\/div>\n<\/div>\n\n\n<div\nstyle=\"padding-top:var(--wp--preset--spacing--40);padding-bottom:var(--wp--preset--spacing--40)\" class=\"xsd-container align wp-block-xsd-container\" id=\"xsd-container-8\">\n\t<div class=\"wrapper wrapper--normal\">\n\t\t\n\n<div class=\"wp-block-media-text is-stacked-on-mobile is-image-fill-element\"><figure class=\"wp-block-media-text__media\"><img decoding=\"async\" width=\"1024\" height=\"605\" src=\"https:\/\/www.vbisogno.com\/wp-content\/uploads\/2026\/08\/u2298755331_bright_and_welcoming_apartment_in_Barcelona_well-_ed070207-4e52-4b72-b4b5-d871ec0b245c_2-1024x605.jpg\" alt=\"cedula habitabilidad que es\" class=\"wp-image-14811 size-full\" style=\"object-position:50% 50%\"\/><\/figure><div class=\"wp-block-media-text__content\">\n<h2 class=\"wp-block-heading\"><strong><strong><strong><strong><strong><strong><strong><strong><strong><strong><strong><strong><strong><strong><strong><strong><strong><strong><strong><strong><strong><strong><strong><strong><strong><strong><strong><strong><strong><strong><strong><strong><strong><strong>Com obtenir la c\u00e8dula d\u2019habitabilitat?<\/strong><\/strong><\/strong><\/strong><\/strong><\/strong><\/strong><\/strong><\/strong><\/strong><\/strong><\/strong><\/strong><\/strong><\/strong><\/strong><\/strong><\/strong><\/strong><\/strong><\/strong><\/strong><\/strong><\/strong><\/strong><\/strong><\/strong><\/strong><\/strong><\/strong><\/strong><\/strong><\/strong><\/strong><\/h2>\n\n\n\n<p class=\"wp-block-paragraph\">El tr\u00e0mit de la c\u00e8dula d\u2019habitabilitat d\u2019un habitatge usat es pot resumir en quatre passos.<\/p>\n\n\n\n<p class=\"wp-block-paragraph\"><strong>1. Comprovar si hi ha una c\u00e8dula vigent<\/strong><\/p>\n\n\n\n<p class=\"wp-block-paragraph\">Abans d\u2019iniciar un nou tr\u00e0mit, conv\u00e9 verificar si l\u2019habitatge ja en disposa d\u2019una. Es pot consultar a trav\u00e9s del cercador de c\u00e8dules de l\u2019Ag\u00e8ncia de l\u2019Habitatge de Catalunya mitjan\u00e7ant el n\u00famero de c\u00e8dula o la refer\u00e8ncia cadastral.<\/p>\n\n\n\n<p class=\"wp-block-paragraph\"><strong>2. Sol\u00b7licitar el certificat a un t\u00e8cnic<\/strong><\/p>\n\n\n\n<p class=\"wp-block-paragraph\">Si cal obtenir una nova c\u00e8dula de segona ocupaci\u00f3, un t\u00e8cnic competent haur\u00e0 d\u2019inspeccionar l\u2019habitatge i emetre el certificat d\u2019habitabilitat corresponent.<\/p>\n\n\n\n<p class=\"wp-block-paragraph\"><strong>3. Presentar la sol\u00b7licitud<\/strong><\/p>\n\n\n\n<p class=\"wp-block-paragraph\">Un cop em\u00e8s el certificat, cal presentar la documentaci\u00f3 davant l\u2019Administraci\u00f3. La mateixa Generalitat recomana que sigui el t\u00e8cnic que fa la certificaci\u00f3 qui tramiti tamb\u00e9 la sol\u00b7licitud, tot i que en determinats casos tamb\u00e9 ho pot fer el particular.<\/p>\n\n\n\n<p class=\"wp-block-paragraph\">A la ciutat de Barcelona tamb\u00e9 es pot gestionar presencialment a trav\u00e9s de les oficines corresponents del\u00a0<strong><a href=\"https:\/\/www.consorcihabitatge.barcelona\/es\" target=\"_blank\" rel=\"noreferrer noopener\">Consorci de l\u2019Habitatge de Barcelona<\/a><\/strong>.<\/p>\n\n\n\n<p class=\"wp-block-paragraph\"><strong>4. Abonar la taxa<\/strong><\/p>\n\n\n\n<p class=\"wp-block-paragraph\">Un cop presentada la documentaci\u00f3, cal pagar la taxa administrativa corresponent. El termini oficial per notificar la concessi\u00f3 o denegaci\u00f3 \u00e9s de 30 dies h\u00e0bils des que l\u2019Ag\u00e8ncia de l\u2019Habitatge rep la sol\u00b7licitud amb tota la documentaci\u00f3 completa.<\/p>\n<\/div><\/div>\n\n\n\t<\/div>\n<\/div>\n\n\n<div\nstyle=\"padding-top:var(--wp--preset--spacing--40);padding-bottom:var(--wp--preset--spacing--40)\" class=\"xsd-container align wp-block-xsd-container\" id=\"xsd-container-9\">\n\t<div class=\"wrapper wrapper--normal\">\n\t\t\n\n<div class=\"wp-block-media-text has-media-on-the-right is-stacked-on-mobile is-image-fill-element\"><div class=\"wp-block-media-text__content\">\n<h2 class=\"wp-block-heading\"><strong><strong><strong><strong><strong><strong><strong><strong><strong><strong><strong><strong><strong><strong><strong><strong><strong><strong><strong><strong><strong><strong><strong><strong><strong><strong><strong><strong><strong><strong><strong><strong><strong><strong><strong>Preu de la c\u00e8dula d\u2019habitabilitat<\/strong><\/strong><\/strong><\/strong><\/strong><\/strong><\/strong><\/strong><\/strong><\/strong><\/strong><\/strong><\/strong><\/strong><\/strong><\/strong><\/strong><\/strong><\/strong><\/strong><\/strong><\/strong><\/strong><\/strong><\/strong><\/strong><\/strong><\/strong><\/strong><\/strong><\/strong><\/strong><\/strong><\/strong><\/strong><\/h2>\n\n\n\n<p class=\"wp-block-paragraph\">Quan parlem del preu de la c\u00e8dula d\u2019habitabilitat, cal diferenciar dos conceptes: la taxa administrativa i els honoraris del t\u00e8cnic.<\/p>\n\n\n\n<p class=\"wp-block-paragraph\">L\u2019any 2026, la taxa oficial per a una c\u00e8dula de segona ocupaci\u00f3 a Catalunya \u00e9s de 20,96 \u20ac per habitatge si la sol\u00b7licitud es presenta presencialment. Quan tot el procediment es fa telem\u00e0ticament, s\u2019aplica una bonificaci\u00f3 del 30 %, de manera que la taxa queda en 14,65 \u20ac. A aquesta quantitat cal afegir-hi els honoraris professionals per la visita, la comprovaci\u00f3 de l\u2019immoble i el certificat d\u2019habitabilitat. Aquest import no est\u00e0 fixat per la Generalitat i dependr\u00e0 del professional i de les caracter\u00edstiques de l\u2019enc\u00e0rrec.<\/p>\n\n\n\n<p class=\"wp-block-paragraph\">Per tant, a l\u2019hora de preguntar-se quant costa la c\u00e8dula d\u2019habitabilitat, no s\u2019ha de confondre la taxa administrativa amb el cost total del proc\u00e9s.<\/p>\n<\/div><figure class=\"wp-block-media-text__media\"><img decoding=\"async\" width=\"1024\" height=\"605\" src=\"https:\/\/www.vbisogno.com\/wp-content\/uploads\/2026\/08\/u2298755331_professional_architect_inspecting_a_residential_a_6144b980-a78d-4552-bc76-636e61866dc1_0-1024x605.jpg\" alt=\"\" class=\"wp-image-14817 size-full\" style=\"object-position:50% 50%\"\/><\/figure><\/div>\n\n\n\t<\/div>\n<\/div>\n\n\n<div\nstyle=\"padding-top:var(--wp--preset--spacing--40);padding-bottom:var(--wp--preset--spacing--40)\" class=\"xsd-container align wp-block-xsd-container\" id=\"xsd-container-10\">\n\t<div class=\"wrapper wrapper--normal\">\n\t\t\n\n<div class=\"wp-block-media-text is-stacked-on-mobile is-image-fill-element\"><figure class=\"wp-block-media-text__media\"><img decoding=\"async\" width=\"1024\" height=\"605\" src=\"https:\/\/www.vbisogno.com\/wp-content\/uploads\/2026\/08\/u2298755331_bright_and_welcoming_apartment_in_Barcelona_well-_ed070207-4e52-4b72-b4b5-d871ec0b245c_3-1024x605.jpg\" alt=\"\" class=\"wp-image-14812 size-full\" style=\"object-position:50% 50%\"\/><\/figure><div class=\"wp-block-media-text__content\">\n<h2 class=\"wp-block-heading\">C\u00e8dula d\u2019habitabilitat i reformes: qu\u00e8 cal tenir en compte<\/h2>\n\n\n\n<p class=\"wp-block-paragraph\">Una reforma interior no implica autom\u00e0ticament haver de sol\u00b7licitar una nova c\u00e8dula. Ara b\u00e9, quan l\u2019actuaci\u00f3 comporta modificacions essencials que afecten les caracter\u00edstiques de l\u2019habitatge recollides en la documentaci\u00f3 existent, la situaci\u00f3 canvia.<\/p>\n\n\n\n<p class=\"wp-block-paragraph\">La Generalitat indica que, quan un habitatge ha patit una modificaci\u00f3 essencial, pot correspondre una c\u00e8dula de primera ocupaci\u00f3 procedent d\u2019una intervenci\u00f3 de rehabilitaci\u00f3 o gran rehabilitaci\u00f3, en lloc d\u2019una simple c\u00e8dula de segona ocupaci\u00f3.<\/p>\n\n\n\n<p class=\"wp-block-paragraph\">Per aquest motiu, abans d\u2019abordar determinades reformes, \u00e9s important estudiar no nom\u00e9s la distribuci\u00f3, el disseny o les possibilitats de l\u2019espai, sin\u00f3 tamb\u00e9 la seva situaci\u00f3 urban\u00edstica i documental.<\/p>\n<\/div><\/div>\n\n\n\t<\/div>\n<\/div>\n\n\n<div\nstyle=\"padding-top:var(--wp--preset--spacing--40);padding-bottom:var(--wp--preset--spacing--40)\" class=\"xsd-container align wp-block-xsd-container\" id=\"xsd-container-11\">\n\t<div class=\"wrapper wrapper--normal\">\n\t\t\n\n<div class=\"wp-block-media-text has-media-on-the-right is-stacked-on-mobile is-image-fill-element\"><div class=\"wp-block-media-text__content\">\n<h2 class=\"wp-block-heading\">Com obtenir una c\u00e8dula d\u2019habitabilitat d\u2019un local?<\/h2>\n\n\n\n<p class=\"wp-block-paragraph\">Un local comercial no obt\u00e9 una c\u00e8dula d\u2019habitabilitat simplement pel fet de disposar d\u2019unes determinades dimensions o instal\u00b7lacions.<\/p>\n\n\n\n<p class=\"wp-block-paragraph\">La c\u00e8dula acredita les condicions d\u2019un habitatge i, a m\u00e9s, no legalitza per si mateixa una construcci\u00f3 o un \u00fas des del punt de vista urban\u00edstic. Per aix\u00f2, si l\u2019objectiu \u00e9s transformar un local en habitatge, primer cal analitzar la viabilitat del canvi d\u2019\u00fas i dur a terme els tr\u00e0mits i les actuacions corresponents perqu\u00e8 l\u2019immoble pugui tenir legalment un \u00fas residencial. Nom\u00e9s despr\u00e9s es podr\u00e0 abordar l\u2019obtenci\u00f3 de la c\u00e8dula que correspongui.<\/p>\n\n\n\n<p class=\"wp-block-paragraph\">Aquesta an\u00e0lisi pr\u00e8via \u00e9s especialment important perqu\u00e8 no tots els locals es poden transformar en habitatge.<\/p>\n<\/div><figure class=\"wp-block-media-text__media\"><img decoding=\"async\" width=\"1024\" height=\"605\" src=\"https:\/\/www.vbisogno.com\/wp-content\/uploads\/2026\/08\/u2298755331_interior_designer_and_homeowner_discussing_a_home_ee183c7a-a4d2-40dc-8281-3d672e26b0a7_3-1024x605.jpg\" alt=\"\" class=\"wp-image-14816 size-full\" style=\"object-position:50% 50%\"\/><\/figure><\/div>\n\n\n\t<\/div>\n<\/div>\n\n\n<div\nstyle=\"padding-top:var(--wp--preset--spacing--40);padding-bottom:var(--wp--preset--spacing--40)\" class=\"xsd-container align wp-block-xsd-container\" id=\"xsd-container-12\">\n\t<div class=\"wrapper wrapper--normal\">\n\t\t\n\n<div class=\"wp-block-media-text is-stacked-on-mobile is-image-fill-element\"><figure class=\"wp-block-media-text__media\"><img decoding=\"async\" width=\"1024\" height=\"605\" src=\"https:\/\/www.vbisogno.com\/wp-content\/uploads\/2026\/08\/u2298755331_close-up_of_housing_documents_floor_plan_house_ke_f76610f7-8f6f-4816-b0e0-fc6a296bcbcc_3-1024x605.jpg\" alt=\"\" class=\"wp-image-14813 size-full\" style=\"object-position:50% 50%\"\/><\/figure><div class=\"wp-block-media-text__content\">\n<h2 class=\"wp-block-heading\"><strong><strong><strong><strong><strong><strong><strong><strong><strong><strong><strong><strong><strong><strong><strong><strong><strong><strong><strong><strong><strong><strong><strong><strong><strong><strong><strong><strong><strong><strong><strong><strong><strong><strong><strong><strong><strong><strong>Reformar un habitatge tamb\u00e9 implica con\u00e8ixer el seu punt de partida<\/strong><\/strong><\/strong><\/strong><\/strong><\/strong><\/strong><\/strong><\/strong><\/strong><\/strong><\/strong><\/strong><\/strong><\/strong><\/strong><\/strong><\/strong><\/strong><\/strong><\/strong><\/strong><\/strong><\/strong><\/strong><\/strong><\/strong><\/strong><\/strong><\/strong><\/strong><\/strong><\/strong><\/strong><\/strong><\/strong><\/strong><\/strong><\/h2>\n\n\n\n<p class=\"wp-block-paragraph\">Abans de transformar un espai, conv\u00e9 entendre qu\u00e8 s\u2019hi pot fer, per\u00f2 tamb\u00e9 quina \u00e9s la seva situaci\u00f3 administrativa i quins requisits haur\u00e0 de complir un cop acabada la intervenci\u00f3.<\/p>\n\n\n\n<p class=\"wp-block-paragraph\">A\u00a0<strong><a href=\"https:\/\/www.vbisogno.com\/ca\/\" target=\"_blank\" rel=\"noreferrer noopener\">VBisogno<\/a><\/strong>\u00a0abordem cada\u00a0<strong><a href=\"https:\/\/www.vbisogno.com\/proyectos\/?_gl=1*7z0hhc*_up*MQ..*_ga*MTk3MjQxNDIyLjE3ODYzNTU0MzI.*_ga_F12VTYZFR6*czE3ODYzNTU0MzIkbzEkZzAkdDE3ODYzNTU0MzIkajYwJGwwJGgw\" target=\"_blank\" rel=\"noreferrer noopener\">projecte d\u2019interiorisme i disseny d\u2019interiors<\/a><\/strong>\u00a0des d\u2019una perspectiva global, estudiant l\u2019espai, les seves possibilitats i les necessitats de les persones que hi viuran per plantejar una distribuci\u00f3 funcional, coherent i adaptada a cada habitatge.<\/p>\n\n\n\n<p class=\"wp-block-paragraph\">Est\u00e0s pensant a reformar el teu habitatge? No dubtis a posar-te en\u00a0<strong><a href=\"https:\/\/www.vbisogno.com\/proyectos\/?_gl=1*7z0hhc*_up*MQ..*_ga*MTk3MjQxNDIyLjE3ODYzNTU0MzI.*_ga_F12VTYZFR6*czE3ODYzNTU0MzIkbzEkZzAkdDE3ODYzNTU0MzIkajYwJGwwJGgw#contacto\" target=\"_blank\" rel=\"noreferrer noopener\">contacte<\/a><\/strong>\u00a0amb el nostre equip perqu\u00e8 puguem estudiar el teu projecte.<\/p>\n<\/div><\/div>\n\n\n\t<\/div>\n<\/div>\n\n\n<div\nstyle=\"padding-top:var(--wp--preset--spacing--40);padding-bottom:var(--wp--preset--spacing--40)\" class=\"xsd-container align wp-block-xsd-container\" id=\"xsd-container-13\">\n\t<div class=\"wrapper wrapper--normal\">\n\t\t\n\n<div class=\"wp-block-media-text has-media-on-the-right is-stacked-on-mobile is-image-fill-element\"><div class=\"wp-block-media-text__content\">\n<h2 class=\"wp-block-heading\"><strong><strong><strong><strong><strong><strong><strong><strong><strong><strong><strong><strong><strong><strong><strong><strong><strong><strong><strong><strong><strong><strong><strong><strong><strong><strong><strong><strong><strong><strong><strong><strong><strong><strong><strong><strong><strong><strong><strong>FAQ<\/strong><\/strong><\/strong><\/strong><\/strong><\/strong><\/strong><\/strong><\/strong><\/strong><\/strong><\/strong><\/strong><\/strong><\/strong><\/strong><\/strong><\/strong><\/strong><\/strong><\/strong><\/strong><\/strong><\/strong><\/strong><\/strong><\/strong><\/strong><\/strong><\/strong><\/strong><\/strong><\/strong><\/strong><\/strong><\/strong><\/strong><\/strong><\/strong> sobre la c\u00e8dula d&#8217;habitabilitat<\/h2>\n\n\n\n<p class=\"wp-block-paragraph\"><strong>On se sol\u00b7licita la c\u00e8dula d\u2019habitabilitat?<\/strong><\/p>\n\n\n\n<p class=\"wp-block-paragraph\">A Catalunya es tramita davant l\u2019Ag\u00e8ncia de l\u2019Habitatge de Catalunya. La sol\u00b7licitud es pot fer telem\u00e0ticament i, en el cas de particulars i de determinades c\u00e8dules de segona ocupaci\u00f3, tamb\u00e9 hi ha vies presencials.<\/p>\n\n\n\n<p class=\"wp-block-paragraph\"><strong>Qui emet la c\u00e8dula d\u2019habitabilitat?<\/strong><\/p>\n\n\n\n<p class=\"wp-block-paragraph\">L\u2019Administraci\u00f3 competent \u00e9s la Generalitat de Catalunya, a trav\u00e9s del Departament de Territori, Habitatge i Transici\u00f3 Ecol\u00f2gica i de l\u2019Ag\u00e8ncia de l\u2019Habitatge de Catalunya. En els habitatges usats, pr\u00e8viament un t\u00e8cnic competent ha d\u2019emetre el certificat d\u2019habitabilitat necessari per tramitar-la.<\/p>\n\n\n\n<p class=\"wp-block-paragraph\"><strong>\u00c9s necess\u00e0ria la c\u00e8dula d\u2019habitabilitat per vendre un pis?<\/strong><\/p>\n\n\n\n<p class=\"wp-block-paragraph\">S\u00ed. La Generalitat estableix que la c\u00e8dula \u00e9s necess\u00e0ria per vendre un habitatge, tant en la primera transmissi\u00f3 com en les posteriors.<\/p>\n\n\n\n<p class=\"wp-block-paragraph\"><strong>\u00c9s necess\u00e0ria la c\u00e8dula d\u2019habitabilitat per llogar un pis?<\/strong><\/p>\n\n\n\n<p class=\"wp-block-paragraph\">S\u00ed. Per oferir un habitatge de lloguer a Catalunya cal disposar de la c\u00e8dula d\u2019habitabilitat vigent corresponent, excepte en els sup\u00f2sits espec\u00edfics previstos per als habitatges protegits.<\/p>\n\n\n\n<p class=\"wp-block-paragraph\"><strong>On es pot trobar la c\u00e8dula d\u2019habitabilitat d\u2019un habitatge?<\/strong><\/p>\n\n\n\n<p class=\"wp-block-paragraph\">Si no es disposa del document, es pot comprovar si hi ha una c\u00e8dula vigent mitjan\u00e7ant el cercador de l\u2019Ag\u00e8ncia de l\u2019Habitatge de Catalunya. La consulta es pot fer utilitzant el n\u00famero de c\u00e8dula o la refer\u00e8ncia cadastral. Si est\u00e0 vigent, tamb\u00e9 \u00e9s possible sol\u00b7licitar-ne una c\u00f2pia sense taxes associades.<\/p>\n<\/div><figure class=\"wp-block-media-text__media\"><img decoding=\"async\" width=\"1024\" height=\"605\" src=\"https:\/\/www.vbisogno.com\/wp-content\/uploads\/2026\/08\/u2298755331_interior_designer_and_homeowner_discussing_a_home_ee183c7a-a4d2-40dc-8281-3d672e26b0a7_1-1024x605.jpg\" alt=\"\" class=\"wp-image-14815 size-full\" style=\"object-position:50% 50%\"\/><\/figure><\/div>\n\n\n\t<\/div>\n<\/div>\n\n\n\n<p class=\"wp-block-paragraph\"><\/p>\n","protected":false},"excerpt":{"rendered":"","protected":false},"author":1,"featured_media":14821,"comment_status":"open","ping_status":"closed","sticky":false,"template":"","format":"standard","meta":{"_acf_changed":false,"_joinchat":[],"footnotes":""},"categories":[1],"tags":[],"class_list":["post-14819","post","type-post","status-publish","format-standard","has-post-thumbnail","hentry","category-sin-categoria"],"acf":[],"yoast_head":"<!-- This site is optimized with the Yoast SEO plugin v27.7 - https:\/\/yoast.com\/product\/yoast-seo-wordpress\/ -->\n<title>Qu\u00e8 \u00e9s la c\u00e8dula d\u2019habitabilitat: requisits i com obtenir-la - VBISOGNO<\/title>\n<meta name=\"description\" content=\"La c\u00e8dula d\u2019habitabilitat \u00e9s un document administratiu que acredita que un habitatge compleix les condicions m\u00ednimes d\u2019habitabilitat.\" \/>\n<meta name=\"robots\" content=\"index, follow, max-snippet:-1, max-image-preview:large, max-video-preview:-1\" \/>\n<link rel=\"canonical\" href=\"https:\/\/www.vbisogno.com\/ca\/blog\/que-es-la-cedula-de-habitabilidad-requisitos-y-como-obtenerla\/\" \/>\n<meta property=\"og:locale\" content=\"ca_ES\" \/>\n<meta property=\"og:type\" content=\"article\" \/>\n<meta property=\"og:title\" content=\"Qu\u00e8 \u00e9s la c\u00e8dula d\u2019habitabilitat: requisits i com obtenir-la - VBISOGNO\" \/>\n<meta property=\"og:description\" content=\"La c\u00e8dula d\u2019habitabilitat \u00e9s un document administratiu que acredita que un habitatge compleix les condicions m\u00ednimes d\u2019habitabilitat.\" \/>\n<meta property=\"og:url\" content=\"https:\/\/www.vbisogno.com\/ca\/blog\/que-es-la-cedula-de-habitabilidad-requisitos-y-como-obtenerla\/\" \/>\n<meta property=\"og:site_name\" content=\"VBISOGNO\" \/>\n<meta property=\"article:publisher\" content=\"https:\/\/facebook.com\/vbisognostudio\" \/>\n<meta property=\"article:published_time\" content=\"2026-08-10T10:28:38+00:00\" \/>\n<meta property=\"article:modified_time\" content=\"2026-08-10T10:45:55+00:00\" \/>\n<meta property=\"og:image\" content=\"https:\/\/www.vbisogno.com\/wp-content\/uploads\/2026\/08\/u2298755331_beautiful_sunlit_apartment_in_Catalonia_clean_and_e222b625-ea3f-4d93-9965-fa0807bc4146_1.jpg\" \/>\n\t<meta property=\"og:image:width\" content=\"1024\" \/>\n\t<meta property=\"og:image:height\" content=\"1024\" \/>\n\t<meta property=\"og:image:type\" content=\"image\/jpeg\" \/>\n<meta name=\"author\" content=\"Vbisogno Studio\" \/>\n<meta name=\"twitter:card\" content=\"summary_large_image\" \/>\n<meta name=\"twitter:label1\" content=\"Escrit per\" \/>\n\t<meta name=\"twitter:data1\" content=\"Vbisogno Studio\" \/>\n\t<meta name=\"twitter:label2\" content=\"Temps estimat de lectura\" \/>\n\t<meta name=\"twitter:data2\" content=\"10 minuts\" \/>\n<!-- \/ Yoast SEO plugin. -->","yoast_head_json":{"title":"Qu\u00e8 \u00e9s la c\u00e8dula d\u2019habitabilitat: requisits i com obtenir-la - VBISOGNO","description":"La c\u00e8dula d\u2019habitabilitat \u00e9s un document administratiu que acredita que un habitatge compleix les condicions m\u00ednimes d\u2019habitabilitat.","robots":{"index":"index","follow":"follow","max-snippet":"max-snippet:-1","max-image-preview":"max-image-preview:large","max-video-preview":"max-video-preview:-1"},"canonical":"https:\/\/www.vbisogno.com\/ca\/blog\/que-es-la-cedula-de-habitabilidad-requisitos-y-como-obtenerla\/","og_locale":"ca_ES","og_type":"article","og_title":"Qu\u00e8 \u00e9s la c\u00e8dula d\u2019habitabilitat: requisits i com obtenir-la - VBISOGNO","og_description":"La c\u00e8dula d\u2019habitabilitat \u00e9s un document administratiu que acredita que un habitatge compleix les condicions m\u00ednimes d\u2019habitabilitat.","og_url":"https:\/\/www.vbisogno.com\/ca\/blog\/que-es-la-cedula-de-habitabilidad-requisitos-y-como-obtenerla\/","og_site_name":"VBISOGNO","article_publisher":"https:\/\/facebook.com\/vbisognostudio","article_published_time":"2026-08-10T10:28:38+00:00","article_modified_time":"2026-08-10T10:45:55+00:00","og_image":[{"width":1024,"height":1024,"url":"https:\/\/www.vbisogno.com\/wp-content\/uploads\/2026\/08\/u2298755331_beautiful_sunlit_apartment_in_Catalonia_clean_and_e222b625-ea3f-4d93-9965-fa0807bc4146_1.jpg","type":"image\/jpeg"}],"author":"Vbisogno Studio","twitter_card":"summary_large_image","twitter_misc":{"Escrit per":"Vbisogno Studio","Temps estimat de lectura":"10 minuts"},"schema":{"@context":"https:\/\/schema.org","@graph":[{"@type":"Article","@id":"https:\/\/www.vbisogno.com\/ca\/blog\/que-es-la-cedula-de-habitabilidad-requisitos-y-como-obtenerla\/#article","isPartOf":{"@id":"https:\/\/www.vbisogno.com\/ca\/blog\/que-es-la-cedula-de-habitabilidad-requisitos-y-como-obtenerla\/"},"author":{"name":"Vbisogno Studio","@id":"https:\/\/www.vbisogno.com\/ca\/#\/schema\/person\/6d1cbfcc62ba2826e204e503d46ec7dd"},"headline":"Qu\u00e8 \u00e9s la c\u00e8dula d\u2019habitabilitat: requisits i com obtenir-la","datePublished":"2026-08-10T10:28:38+00:00","dateModified":"2026-08-10T10:45:55+00:00","mainEntityOfPage":{"@id":"https:\/\/www.vbisogno.com\/ca\/blog\/que-es-la-cedula-de-habitabilidad-requisitos-y-como-obtenerla\/"},"wordCount":1720,"commentCount":0,"publisher":{"@id":"https:\/\/www.vbisogno.com\/ca\/#organization"},"image":{"@id":"https:\/\/www.vbisogno.com\/ca\/blog\/que-es-la-cedula-de-habitabilidad-requisitos-y-como-obtenerla\/#primaryimage"},"thumbnailUrl":"https:\/\/www.vbisogno.com\/wp-content\/uploads\/2026\/08\/u2298755331_beautiful_sunlit_apartment_in_Catalonia_clean_and_e222b625-ea3f-4d93-9965-fa0807bc4146_1.jpg","articleSection":["Sin categor\u00eda"],"inLanguage":"ca","potentialAction":[{"@type":"CommentAction","name":"Comment","target":["https:\/\/www.vbisogno.com\/ca\/blog\/que-es-la-cedula-de-habitabilidad-requisitos-y-como-obtenerla\/#respond"]}]},{"@type":"WebPage","@id":"https:\/\/www.vbisogno.com\/ca\/blog\/que-es-la-cedula-de-habitabilidad-requisitos-y-como-obtenerla\/","url":"https:\/\/www.vbisogno.com\/ca\/blog\/que-es-la-cedula-de-habitabilidad-requisitos-y-como-obtenerla\/","name":"Qu\u00e8 \u00e9s la c\u00e8dula d\u2019habitabilitat: requisits i com obtenir-la - VBISOGNO","isPartOf":{"@id":"https:\/\/www.vbisogno.com\/ca\/#website"},"primaryImageOfPage":{"@id":"https:\/\/www.vbisogno.com\/ca\/blog\/que-es-la-cedula-de-habitabilidad-requisitos-y-como-obtenerla\/#primaryimage"},"image":{"@id":"https:\/\/www.vbisogno.com\/ca\/blog\/que-es-la-cedula-de-habitabilidad-requisitos-y-como-obtenerla\/#primaryimage"},"thumbnailUrl":"https:\/\/www.vbisogno.com\/wp-content\/uploads\/2026\/08\/u2298755331_beautiful_sunlit_apartment_in_Catalonia_clean_and_e222b625-ea3f-4d93-9965-fa0807bc4146_1.jpg","datePublished":"2026-08-10T10:28:38+00:00","dateModified":"2026-08-10T10:45:55+00:00","description":"La c\u00e8dula d\u2019habitabilitat \u00e9s un document administratiu que acredita que un habitatge compleix les condicions m\u00ednimes d\u2019habitabilitat.","breadcrumb":{"@id":"https:\/\/www.vbisogno.com\/ca\/blog\/que-es-la-cedula-de-habitabilidad-requisitos-y-como-obtenerla\/#breadcrumb"},"inLanguage":"ca","potentialAction":[{"@type":"ReadAction","target":["https:\/\/www.vbisogno.com\/ca\/blog\/que-es-la-cedula-de-habitabilidad-requisitos-y-como-obtenerla\/"]}]},{"@type":"ImageObject","inLanguage":"ca","@id":"https:\/\/www.vbisogno.com\/ca\/blog\/que-es-la-cedula-de-habitabilidad-requisitos-y-como-obtenerla\/#primaryimage","url":"https:\/\/www.vbisogno.com\/wp-content\/uploads\/2026\/08\/u2298755331_beautiful_sunlit_apartment_in_Catalonia_clean_and_e222b625-ea3f-4d93-9965-fa0807bc4146_1.jpg","contentUrl":"https:\/\/www.vbisogno.com\/wp-content\/uploads\/2026\/08\/u2298755331_beautiful_sunlit_apartment_in_Catalonia_clean_and_e222b625-ea3f-4d93-9965-fa0807bc4146_1.jpg","width":1024,"height":1024,"caption":"cedula habitabilidad caducada"},{"@type":"BreadcrumbList","@id":"https:\/\/www.vbisogno.com\/ca\/blog\/que-es-la-cedula-de-habitabilidad-requisitos-y-como-obtenerla\/#breadcrumb","itemListElement":[{"@type":"ListItem","position":1,"name":"Home","item":"https:\/\/www.vbisogno.com\/ca\/"},{"@type":"ListItem","position":2,"name":"Qu\u00e8 \u00e9s la c\u00e8dula d\u2019habitabilitat: requisits i com obtenir-la"}]},{"@type":"WebSite","@id":"https:\/\/www.vbisogno.com\/ca\/#website","url":"https:\/\/www.vbisogno.com\/ca\/","name":"Vbisogno","description":"","publisher":{"@id":"https:\/\/www.vbisogno.com\/ca\/#organization"},"alternateName":"Vbisogno","potentialAction":[{"@type":"SearchAction","target":{"@type":"EntryPoint","urlTemplate":"https:\/\/www.vbisogno.com\/ca\/?s={search_term_string}"},"query-input":{"@type":"PropertyValueSpecification","valueRequired":true,"valueName":"search_term_string"}}],"inLanguage":"ca"},{"@type":"Organization","@id":"https:\/\/www.vbisogno.com\/ca\/#organization","name":"Vbisogno","alternateName":"Vbisogno","url":"https:\/\/www.vbisogno.com\/ca\/","logo":{"@type":"ImageObject","inLanguage":"ca","@id":"https:\/\/www.vbisogno.com\/ca\/#\/schema\/logo\/image\/","url":"https:\/\/www.vbisogno.com\/wp-content\/uploads\/2023\/11\/vbisogno-horizontal.svg","contentUrl":"https:\/\/www.vbisogno.com\/wp-content\/uploads\/2023\/11\/vbisogno-horizontal.svg","width":176,"height":47,"caption":"Vbisogno"},"image":{"@id":"https:\/\/www.vbisogno.com\/ca\/#\/schema\/logo\/image\/"},"sameAs":["https:\/\/facebook.com\/vbisognostudio","http:\/\/instagram.com\/vbisognostudio"]},{"@type":"Person","@id":"https:\/\/www.vbisogno.com\/ca\/#\/schema\/person\/6d1cbfcc62ba2826e204e503d46ec7dd","name":"Vbisogno Studio","image":{"@type":"ImageObject","inLanguage":"ca","@id":"https:\/\/secure.gravatar.com\/avatar\/9edb1b7bbd9ba511389bd1856aeea098c1ff53d7b48dd496ae7d023548c86178?s=96&d=mm&r=g","url":"https:\/\/secure.gravatar.com\/avatar\/9edb1b7bbd9ba511389bd1856aeea098c1ff53d7b48dd496ae7d023548c86178?s=96&d=mm&r=g","contentUrl":"https:\/\/secure.gravatar.com\/avatar\/9edb1b7bbd9ba511389bd1856aeea098c1ff53d7b48dd496ae7d023548c86178?s=96&d=mm&r=g","caption":"Vbisogno Studio"},"sameAs":["http:\/\/www.vbisogno.com.local"]}]}},"_links":{"self":[{"href":"https:\/\/www.vbisogno.com\/ca\/wp-json\/wp\/v2\/posts\/14819","targetHints":{"allow":["GET"]}}],"collection":[{"href":"https:\/\/www.vbisogno.com\/ca\/wp-json\/wp\/v2\/posts"}],"about":[{"href":"https:\/\/www.vbisogno.com\/ca\/wp-json\/wp\/v2\/types\/post"}],"author":[{"embeddable":true,"href":"https:\/\/www.vbisogno.com\/ca\/wp-json\/wp\/v2\/users\/1"}],"replies":[{"embeddable":true,"href":"https:\/\/www.vbisogno.com\/ca\/wp-json\/wp\/v2\/comments?post=14819"}],"version-history":[{"count":4,"href":"https:\/\/www.vbisogno.com\/ca\/wp-json\/wp\/v2\/posts\/14819\/revisions"}],"predecessor-version":[{"id":14839,"href":"https:\/\/www.vbisogno.com\/ca\/wp-json\/wp\/v2\/posts\/14819\/revisions\/14839"}],"wp:featuredmedia":[{"embeddable":true,"href":"https:\/\/www.vbisogno.com\/ca\/wp-json\/wp\/v2\/media\/14821"}],"wp:attachment":[{"href":"https:\/\/www.vbisogno.com\/ca\/wp-json\/wp\/v2\/media?parent=14819"}],"wp:term":[{"taxonomy":"category","embeddable":true,"href":"https:\/\/www.vbisogno.com\/ca\/wp-json\/wp\/v2\/categories?post=14819"},{"taxonomy":"post_tag","embeddable":true,"href":"https:\/\/www.vbisogno.com\/ca\/wp-json\/wp\/v2\/tags?post=14819"}],"curies":[{"name":"wp","href":"https:\/\/api.w.org\/{rel}","templated":true}]}}